{"id":22523,"date":"2025-10-16T12:08:06","date_gmt":"2025-10-16T12:08:06","guid":{"rendered":"https:\/\/www.europesays.com\/lv\/22523\/"},"modified":"2025-10-16T12:08:06","modified_gmt":"2025-10-16T12:08:06","slug":"tumanovs-atstaj-slovakijas-klubu-presov","status":"publish","type":"post","link":"https:\/\/www.europesays.com\/lv\/22523\/","title":{"rendered":"Tum\u0101novs atst\u0101j Slov\u0101kijas klubu &#8220;Pre\u0161ov&#8221;"},"content":{"rendered":"<p>K\u0101 sav\u0101 pazi\u0146ojum\u0101 nor\u0101da &#8220;Pre\u0161ov&#8221;, tad l\u012bgumi p\u0113c abpus\u0113jas vieno\u0161an\u0101s p\u0101rtraukti ar trim sp\u0113l\u0113t\u0101jiem, tostarp Tum\u0101novu.<\/p>\n<p>24 gadus vecais Tum\u0101novs iepriek\u0161\u0113j\u0101s divas sezonas aizvad\u012bja Somijas klub\u0101 Jiveskiles JYP, bet vasar\u0101 p\u0113c abpus\u0113jas vieno\u0161an\u0101s latvie\u0161u aizsargs komand\u0101 nepalika.<\/p>\n<p>Septembr\u012b Tum\u0101novs pievienoj\u0101s &#8220;Pre\u0161ov&#8221; uz p\u0101rbaudes laiku un uzsp\u0113ja aizvad\u012bt devi\u0146as sp\u0113les, kur\u0101s guva divus v\u0101rtus, nopeln\u012bja se\u0161as soda min\u016btes un negat\u012bvu lietder\u012bbas koeficientu -3.<\/p>\n<p>&#8220;Pre\u0161ov&#8221; vien\u012bba aizvad\u012btaj\u0101 sezon\u0101 Latvijas trenera P\u0113tera Skudras vad\u012bb\u0101 triumf\u0113ja Slov\u0101kijas p\u0113c sp\u0113ka otraj\u0101 l\u012bg\u0101, nopelnot atgrie\u0161anos Slov\u0101kijas sp\u0113c\u012bg\u0101kaj\u0101 l\u012bg\u0101. Tom\u0113r p\u0113c neveiksm\u012bga sezonas s\u0101kuma Skudra no amata ir atbr\u012bvots.<\/p>\n<p>&#8220;Pre\u0161ov&#8221; ar 11 sp\u0113l\u0113s izc\u012bn\u012btiem se\u0161iem punktiem Slov\u0101kijas ekstarl\u012bgas kopv\u0113rt\u0113jum\u0101 ie\u0146em 11. vietu 12 komandu vid\u016b.<\/p>\n<p>\u0160ogad Tum\u0101novs bija Latvijas izlases sast\u0101v\u0101 pasaules \u010dempion\u0101t\u0101, ta\u010du nedev\u0101s laukum\u0101 nevien\u0101 ma\u010d\u0101.<\/p>\n","protected":false},"excerpt":{"rendered":"K\u0101 sav\u0101 pazi\u0146ojum\u0101 nor\u0101da &#8220;Pre\u0161ov&#8221;, tad l\u012bgumi p\u0113c abpus\u0113jas vieno\u0161an\u0101s p\u0101rtraukti ar trim sp\u0113l\u0113t\u0101jiem, tostarp Tum\u0101novu. 24 gadus&hellip;\n","protected":false},"author":2,"featured_media":22524,"comment_status":"","ping_status":"","sticky":false,"template":"","format":"standard","meta":{"footnotes":""},"categories":[17],"tags":[7098,35,39,38,36,37,34,40,3474,67],"class_list":{"0":"post-22523","1":"post","2":"type-post","3":"status-publish","4":"format-standard","5":"has-post-thumbnail","7":"category-sports","8":"tag-filips-buncis","9":"tag-latvia","10":"tag-latvian","11":"tag-latviesu","12":"tag-latviesu-valoda","13":"tag-latviesuvaloda","14":"tag-latvija","15":"tag-lv","16":"tag-sandis-ozolins","17":"tag-sports"},"share_on_mastodon":{"url":"","error":""},"_links":{"self":[{"href":"https:\/\/www.europesays.com\/lv\/wp-json\/wp\/v2\/posts\/22523","targetHints":{"allow":["GET"]}}],"collection":[{"href":"https:\/\/www.europesays.com\/lv\/wp-json\/wp\/v2\/posts"}],"about":[{"href":"https:\/\/www.europesays.com\/lv\/wp-json\/wp\/v2\/types\/post"}],"author":[{"embeddable":true,"href":"https:\/\/www.europesays.com\/lv\/wp-json\/wp\/v2\/users\/2"}],"replies":[{"embeddable":true,"href":"https:\/\/www.europesays.com\/lv\/wp-json\/wp\/v2\/comments?post=22523"}],"version-history":[{"count":0,"href":"https:\/\/www.europesays.com\/lv\/wp-json\/wp\/v2\/posts\/22523\/revisions"}],"wp:featuredmedia":[{"embeddable":true,"href":"https:\/\/www.europesays.com\/lv\/wp-json\/wp\/v2\/media\/22524"}],"wp:attachment":[{"href":"https:\/\/www.europesays.com\/lv\/wp-json\/wp\/v2\/media?parent=22523"}],"wp:term":[{"taxonomy":"category","embeddable":true,"href":"https:\/\/www.europesays.com\/lv\/wp-json\/wp\/v2\/categories?post=22523"},{"taxonomy":"post_tag","embeddable":true,"href":"https:\/\/www.europesays.com\/lv\/wp-json\/wp\/v2\/tags?post=22523"}],"curies":[{"name":"wp","href":"https:\/\/api.w.org\/{rel}","templated":true}]}}