{"id":22531,"date":"2025-10-16T12:17:08","date_gmt":"2025-10-16T12:17:08","guid":{"rendered":"https:\/\/www.europesays.com\/lv\/22531\/"},"modified":"2025-10-16T12:17:08","modified_gmt":"2025-10-16T12:17:08","slug":"endzins-atstas-ltrk-valdes-priekssedetaja-amatu","status":"publish","type":"post","link":"https:\/\/www.europesays.com\/lv\/22531\/","title":{"rendered":"Endzi\u0146\u0161 atst\u0101s LTRK valdes priek\u0161s\u0113d\u0113t\u0101ja amatu"},"content":{"rendered":"<p>T\u0101pat Endzi\u0146\u0161 min\u0113ja, ka viens no pirmajiem uzdevumiem b\u016bs izveidot m\u0101jaslapu, kur\u0101 sabiedr\u012bba un priek\u0161likumu iesniedz\u0113ji var\u0113s sekot l\u012bdzi r\u012bc\u012bbas grupas darbam, iesniegtajiem priek\u0161likumiem un to \u012bsteno\u0161anas gaitai.<\/p>\n<p>Vi\u0146\u0161 pozit\u012bvi v\u0113rt\u0113 tos birokr\u0101tijas mazin\u0101\u0161anas priek\u0161likumus, kas l\u012bdz \u0161im ir pie\u0146emti, bet nor\u0101d\u012bja, ka izvirz\u012btais 21 priek\u0161likums nenosedz pat 0,1% no visas birokr\u0101tijas.<\/p>\n<p>Endzi\u0146\u0161 piebilda, ka galvenos m\u0113r\u0137us un uzdevumus ceturtdien pl\u0101nots p\u0101rrun\u0101t R\u012bc\u012bbas grupas birokr\u0101tijas mazin\u0101\u0161anai s\u0113d\u0113.<\/p>\n<p>T\u0101pat Endzi\u0146\u0161 pauda uzskatu, ka r\u012bc\u012bbas grup\u0101 pie jaut\u0101jumiem, kas ir saist\u012bti ar regul\u0113jumu, vajadz\u0113tu piesaist\u012bt Valsts p\u0101rvaldes un pa\u0161vald\u012bbas komisiju.<\/p>\n<p>Jaut\u0101ts, vai ir jau zin\u0101ms, kur\u0161 turpm\u0101k b\u016bs LTRK valdes priek\u0161s\u0113d\u0113t\u0101js, Endzi\u0146\u0161 nor\u0101d\u012bja, ka ceturtdien LTRK padome lems, k\u0101 turpm\u0101k tiks organiz\u0113ta LTRK darb\u012bba. Vi\u0146\u0161 ar\u012b sac\u012bja, ka LTRK padome tuv\u0101kaj\u0101 laik\u0101 lems par jauna valdes priek\u0161s\u0113d\u0113t\u0101ja izraudz\u012b\u0161anos.<\/p>\n<p>Jau zi\u0146ots, ka pirmdien, 13. oktobr\u012b, koal\u012bcija vienoj\u0101s, ka R\u012bc\u012bbas grupas birokr\u0101tijas mazin\u0101\u0161anai vad\u012bbu p\u0101r\u0146ems Endzi\u0146\u0161.<\/p>\n<p>R\u012bc\u012bbas grupa birokr\u0101tijas mazin\u0101\u0161anai tika izveidota 2025. gada 27. mart\u0101. Taj\u0101 darbojas valsts p\u0101rvaldes, uz\u0146\u0113m\u0113ju un nevalstisko organiz\u0101ciju p\u0101rst\u0101vji.<\/p>\n<p>LTRK ir apvienoju\u0161ies gandr\u012bz 6000 biedru &#8211; visu Latvijas re\u0123ionu un nozaru mikro, mazie, vid\u0113jie un lielie uz\u0146\u0113mumi, asoci\u0101cijas, pils\u0113tu uz\u0146\u0113m\u0113ju klubi un citas uz\u0146\u0113m\u0113ju apvien\u012bbas.<\/p>\n","protected":false},"excerpt":{"rendered":"T\u0101pat Endzi\u0146\u0161 min\u0113ja, ka viens no pirmajiem uzdevumiem b\u016bs izveidot m\u0101jaslapu, kur\u0101 sabiedr\u012bba un priek\u0161likumu iesniedz\u0113ji var\u0113s sekot&hellip;\n","protected":false},"author":2,"featured_media":22532,"comment_status":"","ping_status":"","sticky":false,"template":"","format":"standard","meta":{"footnotes":""},"categories":[12],"tags":[7099,23,28,29,32,33,22,7100,30,31,35,39,38,36,37,34,40,20,26,27,7101,24,25,21],"class_list":{"0":"post-22531","1":"post","2":"type-post","3":"status-publish","4":"format-standard","5":"has-post-thumbnail","7":"category-latvija","8":"tag-aigars-rostovskis","9":"tag-aktualitates","10":"tag-breaking-news","11":"tag-breakingnews","12":"tag-featured-news","13":"tag-featurednews","14":"tag-headlines","15":"tag-janis-endzins","16":"tag-latest-news","17":"tag-latestnews","18":"tag-latvia","19":"tag-latvian","20":"tag-latviesu","21":"tag-latviesu-valoda","22":"tag-latviesuvaloda","23":"tag-latvija","24":"tag-lv","25":"tag-news","26":"tag-popularakas-zinas","27":"tag-popularakaszinas","28":"tag-raivis-kronbergs","29":"tag-top-stories","30":"tag-topstories","31":"tag-zinas"},"share_on_mastodon":{"url":"","error":""},"_links":{"self":[{"href":"https:\/\/www.europesays.com\/lv\/wp-json\/wp\/v2\/posts\/22531","targetHints":{"allow":["GET"]}}],"collection":[{"href":"https:\/\/www.europesays.com\/lv\/wp-json\/wp\/v2\/posts"}],"about":[{"href":"https:\/\/www.europesays.com\/lv\/wp-json\/wp\/v2\/types\/post"}],"author":[{"embeddable":true,"href":"https:\/\/www.europesays.com\/lv\/wp-json\/wp\/v2\/users\/2"}],"replies":[{"embeddable":true,"href":"https:\/\/www.europesays.com\/lv\/wp-json\/wp\/v2\/comments?post=22531"}],"version-history":[{"count":0,"href":"https:\/\/www.europesays.com\/lv\/wp-json\/wp\/v2\/posts\/22531\/revisions"}],"wp:featuredmedia":[{"embeddable":true,"href":"https:\/\/www.europesays.com\/lv\/wp-json\/wp\/v2\/media\/22532"}],"wp:attachment":[{"href":"https:\/\/www.europesays.com\/lv\/wp-json\/wp\/v2\/media?parent=22531"}],"wp:term":[{"taxonomy":"category","embeddable":true,"href":"https:\/\/www.europesays.com\/lv\/wp-json\/wp\/v2\/categories?post=22531"},{"taxonomy":"post_tag","embeddable":true,"href":"https:\/\/www.europesays.com\/lv\/wp-json\/wp\/v2\/tags?post=22531"}],"curies":[{"name":"wp","href":"https:\/\/api.w.org\/{rel}","templated":true}]}}