{"id":225320,"date":"2026-06-12T21:05:08","date_gmt":"2026-06-12T21:05:08","guid":{"rendered":"https:\/\/www.europesays.com\/lv\/225320\/"},"modified":"2026-06-12T21:05:08","modified_gmt":"2026-06-12T21:05:08","slug":"zelenska-lemuma-del-poliem-kluvis-negativaks-viedoklis-par-ukrainiem","status":"publish","type":"post","link":"https:\/\/www.europesays.com\/lv\/225320\/","title":{"rendered":"Zelenska l\u0113muma d\u0113\u013c po\u013ciem k\u013cuvis negat\u012bv\u0101ks viedoklis par ukrai\u0146iem"},"content":{"rendered":"<p>Ukrainas prezidents <a href=\"https:\/\/www.apollo.lv\/term\/584993\/volodimirs-zelenskis\" class=\"topicLink\" target=\"_blank\" rel=\"nofollow noopener\">Volodimirs Zelenskis<\/a> maij\u0101 izdeva dekr\u0113tu, ar ko pie\u0161\u0137\u012bra goda nosaukumu &#8220;UPA varo\u0146i&#8221; Ukrainas \u012apa\u0161o oper\u0101ciju sp\u0113ku Neatkar\u012bgajam speci\u0101lo oper\u0101ciju centram &#8220;Zieme\u013ci&#8221;.<\/p>\n<p>K\u0101 liecina po\u013cu laikrakst\u0101 &#8220;Rzeczpospolita&#8221; public\u0113tie aptaujas rezult\u0101ti, 51,9% respondentu nor\u0101d\u012bja, ka vi\u0146u viedoklis par ukrai\u0146iem ir k\u013cuvis negat\u012bv\u0101ks, savuk\u0101rt 31,9% aptauj\u0101to apgalvoja, ka Zelenska l\u0113mums vi\u0146us neietekm\u0113. Tikai 4,5% aptauj\u0101to nor\u0101d\u012bja, ka vi\u0146u viedoklis uzlabojies, un 11,7% nebija viedok\u013ca.<\/p>\n<p>Polijas prezidents Karols Navrockis ir pazi\u0146ojis, ka Zelenskim b\u016btu j\u0101at\u0146em Polijas augst\u0101kais valsts apbalvojums &#8211; Balt\u0101 \u0113rg\u013ca ordenis, kas vi\u0146am tika pie\u0161\u0137irts 2023. gad\u0101.<\/p>\n<p>Zelenska l\u0113mums izrais\u012bja sa\u0161utumu Polij\u0101, un to kritiz\u0113ja politi\u0137i no visa politisk\u0101 spektra.<\/p>\n<p>Zelenskis pazi\u0146oja, ka Ukrainas vien\u012bba, kas pa\u0161laik c\u012bn\u0101s pret Krieviju, 26. maij\u0101 tika nosaukta par &#8220;UPA varo\u0146iem&#8221;, lai &#8220;atjaunotu nacion\u0101l\u0101s armijas v\u0113sturisk\u0101s trad\u012bcijas&#8221;.<\/p>\n<p>Ukrainas \u0100rlietu ministrija pazi\u0146oja, ka &#8220;nav bijis nodoma aizvainot draudz\u012bgo Polijas tautu&#8221;.<\/p>\n","protected":false},"excerpt":{"rendered":"Ukrainas prezidents Volodimirs Zelenskis maij\u0101 izdeva dekr\u0113tu, ar ko pie\u0161\u0137\u012bra goda nosaukumu &#8220;UPA varo\u0146i&#8221; Ukrainas \u012apa\u0161o oper\u0101ciju sp\u0113ku&hellip;\n","protected":false},"author":2,"featured_media":225321,"comment_status":"","ping_status":"","sticky":false,"template":"","format":"standard","meta":{"footnotes":"","_share_on_mastodon":"0"},"categories":[14],"tags":[23,57,28,29,32,33,22,30,31,35,39,38,36,37,34,40,20,13599,72,26,27,24,25,276,293,178,54,55,56,21,58],"class_list":["post-225320","post","type-post","status-publish","format-standard","has-post-thumbnail","category-zinas-no-arvalstim","tag-aktualitates","tag-arvalstim","tag-breaking-news","tag-breakingnews","tag-featured-news","tag-featurednews","tag-headlines","tag-latest-news","tag-latestnews","tag-latvia","tag-latvian","tag-latviesu","tag-latviesu-valoda","tag-latviesuvaloda","tag-latvija","tag-lv","tag-news","tag-otrais-pasaules-kars","tag-polija","tag-popularakas-zinas","tag-popularakaszinas","tag-top-stories","tag-topstories","tag-ukraina","tag-vesture","tag-volodimirs-zelenskis","tag-world","tag-world-news","tag-worldnews","tag-zinas","tag-zinas-no-arvalstim"],"share_on_mastodon":{"url":"https:\/\/pubeurope.com\/@lv\/116739173684626669","error":""},"_links":{"self":[{"href":"https:\/\/www.europesays.com\/lv\/wp-json\/wp\/v2\/posts\/225320","targetHints":{"allow":["GET"]}}],"collection":[{"href":"https:\/\/www.europesays.com\/lv\/wp-json\/wp\/v2\/posts"}],"about":[{"href":"https:\/\/www.europesays.com\/lv\/wp-json\/wp\/v2\/types\/post"}],"author":[{"embeddable":true,"href":"https:\/\/www.europesays.com\/lv\/wp-json\/wp\/v2\/users\/2"}],"replies":[{"embeddable":true,"href":"https:\/\/www.europesays.com\/lv\/wp-json\/wp\/v2\/comments?post=225320"}],"version-history":[{"count":0,"href":"https:\/\/www.europesays.com\/lv\/wp-json\/wp\/v2\/posts\/225320\/revisions"}],"wp:featuredmedia":[{"embeddable":true,"href":"https:\/\/www.europesays.com\/lv\/wp-json\/wp\/v2\/media\/225321"}],"wp:attachment":[{"href":"https:\/\/www.europesays.com\/lv\/wp-json\/wp\/v2\/media?parent=225320"}],"wp:term":[{"taxonomy":"category","embeddable":true,"href":"https:\/\/www.europesays.com\/lv\/wp-json\/wp\/v2\/categories?post=225320"},{"taxonomy":"post_tag","embeddable":true,"href":"https:\/\/www.europesays.com\/lv\/wp-json\/wp\/v2\/tags?post=225320"}],"curies":[{"name":"wp","href":"https:\/\/api.w.org\/{rel}","templated":true}]}}