{"id":22533,"date":"2025-10-16T12:18:08","date_gmt":"2025-10-16T12:18:08","guid":{"rendered":"https:\/\/www.europesays.com\/lv\/22533\/"},"modified":"2025-10-16T12:18:08","modified_gmt":"2025-10-16T12:18:08","slug":"polija-atbrivo-sievieti-kura-27-gadus-bija-ieslodzita-vecaku-dzivokli-vina-tagad-sniegusi-parsteidzosu-liecibu","status":"publish","type":"post","link":"https:\/\/www.europesays.com\/lv\/22533\/","title":{"rendered":"Polij\u0101 atbr\u012bvo sievieti, kura 27 gadus bija ieslodz\u012bta vec\u0101ku dz\u012bvokl\u012b. Vi\u0146a tagad sniegusi p\u0101rsteidzo\u0161u liec\u012bbu"},"content":{"rendered":"<p>&#8220;Viss s\u0101k\u0101s ar bals\u012bm, kas n\u0101ca no t\u0101 dz\u012bvok\u013ca. Bija jau \u013coti v\u0113ls,&#8221; sac\u012bja Polijas iedz\u012bvot\u0101ja Luiza, kura izsauca policiju uz kaimi\u0146u m\u0101ju. Luizai dro\u0161i vien nebija ne jausmas, ka, pateicoties \u0161im zvanam, 27 gadus glab\u0101ts nosl\u0113pums n\u0101ks gaism\u0101. \u0160oned\u0113\u013c n\u0101kusi klaj\u0101 &#8220;pazudu\u0161\u0101s&#8221; sievietes sniegt\u0101 liec\u012bba \u2013 secin\u0101jumi ir p\u0101rsteidzo\u0161i.<\/p>\n<p>Klus\u0101 j\u016blija nogales vakar\u0101 Polijas dienvidu pils\u0113t\u0101 Sventohlovic\u0113, aptuveni 290 kilometru att\u0101lum\u0101 no Var\u0161avas, sieviete v\u0101rd\u0101 Luiza izdzird\u0113ja d\u012bvainas ska\u0146as, kas n\u0101ca no kaimi\u0146u dz\u012bvok\u013ca.<\/p>\n","protected":false},"excerpt":{"rendered":"&#8220;Viss s\u0101k\u0101s ar bals\u012bm, kas n\u0101ca no t\u0101 dz\u012bvok\u013ca. Bija jau \u013coti v\u0113ls,&#8221; sac\u012bja Polijas iedz\u012bvot\u0101ja Luiza, kura&hellip;\n","protected":false},"author":2,"featured_media":22534,"comment_status":"","ping_status":"","sticky":false,"template":"","format":"standard","meta":{"footnotes":""},"categories":[5],"tags":[23,28,29,7102,32,33,1568,22,908,30,31,35,39,38,36,37,34,40,20,163,72,26,27,24,25,181,21],"class_list":{"0":"post-22533","1":"post","2":"type-post","3":"status-publish","4":"format-standard","5":"has-post-thumbnail","7":"category-aktualitates","8":"tag-aktualitates","9":"tag-breaking-news","10":"tag-breakingnews","11":"tag-emocionala-vardarbiba","12":"tag-featured-news","13":"tag-featurednews","14":"tag-gariga-veseliba","15":"tag-headlines","16":"tag-ieslodzijums","17":"tag-latest-news","18":"tag-latestnews","19":"tag-latvia","20":"tag-latvian","21":"tag-latviesu","22":"tag-latviesu-valoda","23":"tag-latviesuvaloda","24":"tag-latvija","25":"tag-lv","26":"tag-news","27":"tag-policija","28":"tag-polija","29":"tag-popularakas-zinas","30":"tag-popularakaszinas","31":"tag-top-stories","32":"tag-topstories","33":"tag-veseliba","34":"tag-zinas"},"share_on_mastodon":{"url":"","error":""},"_links":{"self":[{"href":"https:\/\/www.europesays.com\/lv\/wp-json\/wp\/v2\/posts\/22533","targetHints":{"allow":["GET"]}}],"collection":[{"href":"https:\/\/www.europesays.com\/lv\/wp-json\/wp\/v2\/posts"}],"about":[{"href":"https:\/\/www.europesays.com\/lv\/wp-json\/wp\/v2\/types\/post"}],"author":[{"embeddable":true,"href":"https:\/\/www.europesays.com\/lv\/wp-json\/wp\/v2\/users\/2"}],"replies":[{"embeddable":true,"href":"https:\/\/www.europesays.com\/lv\/wp-json\/wp\/v2\/comments?post=22533"}],"version-history":[{"count":0,"href":"https:\/\/www.europesays.com\/lv\/wp-json\/wp\/v2\/posts\/22533\/revisions"}],"wp:featuredmedia":[{"embeddable":true,"href":"https:\/\/www.europesays.com\/lv\/wp-json\/wp\/v2\/media\/22534"}],"wp:attachment":[{"href":"https:\/\/www.europesays.com\/lv\/wp-json\/wp\/v2\/media?parent=22533"}],"wp:term":[{"taxonomy":"category","embeddable":true,"href":"https:\/\/www.europesays.com\/lv\/wp-json\/wp\/v2\/categories?post=22533"},{"taxonomy":"post_tag","embeddable":true,"href":"https:\/\/www.europesays.com\/lv\/wp-json\/wp\/v2\/tags?post=22533"}],"curies":[{"name":"wp","href":"https:\/\/api.w.org\/{rel}","templated":true}]}}