{"id":22535,"date":"2025-10-16T12:20:08","date_gmt":"2025-10-16T12:20:08","guid":{"rendered":"https:\/\/www.europesays.com\/lv\/22535\/"},"modified":"2025-10-16T12:20:08","modified_gmt":"2025-10-16T12:20:08","slug":"25-26-x-latvijas-futbola-pirmas-un-tresas-ligas-speles-jaunmarupe-un-pinkos","status":"publish","type":"post","link":"https:\/\/www.europesays.com\/lv\/22535\/","title":{"rendered":"25.-26.X Latvijas futbola pirm\u0101s un tre\u0161\u0101s l\u012bgas sp\u0113les Jaunm\u0101rup\u0113 un Pi\u0146\u0137os"},"content":{"rendered":"<p>25.oktobr\u012b plkst.17.00 Jaunm\u0101rupes stadion\u0101 M\u0101rupes sporta centra futbolisti aizvad\u012bs Latvijas pirm\u0101s l\u012bgas 24.k\u0101rtas sp\u0113li pret Apvienot\u0101s futbola akad\u0113mijas \u201cOlaine\u201d komandu. 26.oktobr\u012b plkst.19.00 Pi\u0146\u0137os Latvijas tre\u0161\u0101s l\u012bgas fin\u0101lturn\u012bra pusfin\u0101la atbildes sp\u0113li aizvad\u012bs Bab\u012btes sporta kluba un FK \u201cLiep\u0101ja\u201d\/LFS-2 futbolisti.<\/p>\n","protected":false},"excerpt":{"rendered":"25.oktobr\u012b plkst.17.00 Jaunm\u0101rupes stadion\u0101 M\u0101rupes sporta centra futbolisti aizvad\u012bs Latvijas pirm\u0101s l\u012bgas 24.k\u0101rtas sp\u0113li pret Apvienot\u0101s futbola akad\u0113mijas&hellip;\n","protected":false},"author":2,"featured_media":22536,"comment_status":"","ping_status":"","sticky":false,"template":"","format":"standard","meta":{"footnotes":""},"categories":[17],"tags":[47,381,64,35,39,38,36,37,34,40,385,172,382,384,67,383,21],"class_list":{"0":"post-22535","1":"post","2":"type-post","3":"status-publish","4":"format-standard","5":"has-post-thumbnail","7":"category-sports","8":"tag-ekonomika","9":"tag-jaunumi","10":"tag-kultura","11":"tag-latvia","12":"tag-latvian","13":"tag-latviesu","14":"tag-latviesu-valoda","15":"tag-latviesuvaloda","16":"tag-latvija","17":"tag-lv","18":"tag-pieriga","19":"tag-riga","20":"tag-sabiedriba","21":"tag-sludinajumi","22":"tag-sports","23":"tag-sports-afisa","24":"tag-zinas"},"share_on_mastodon":{"url":"","error":""},"_links":{"self":[{"href":"https:\/\/www.europesays.com\/lv\/wp-json\/wp\/v2\/posts\/22535","targetHints":{"allow":["GET"]}}],"collection":[{"href":"https:\/\/www.europesays.com\/lv\/wp-json\/wp\/v2\/posts"}],"about":[{"href":"https:\/\/www.europesays.com\/lv\/wp-json\/wp\/v2\/types\/post"}],"author":[{"embeddable":true,"href":"https:\/\/www.europesays.com\/lv\/wp-json\/wp\/v2\/users\/2"}],"replies":[{"embeddable":true,"href":"https:\/\/www.europesays.com\/lv\/wp-json\/wp\/v2\/comments?post=22535"}],"version-history":[{"count":0,"href":"https:\/\/www.europesays.com\/lv\/wp-json\/wp\/v2\/posts\/22535\/revisions"}],"wp:featuredmedia":[{"embeddable":true,"href":"https:\/\/www.europesays.com\/lv\/wp-json\/wp\/v2\/media\/22536"}],"wp:attachment":[{"href":"https:\/\/www.europesays.com\/lv\/wp-json\/wp\/v2\/media?parent=22535"}],"wp:term":[{"taxonomy":"category","embeddable":true,"href":"https:\/\/www.europesays.com\/lv\/wp-json\/wp\/v2\/categories?post=22535"},{"taxonomy":"post_tag","embeddable":true,"href":"https:\/\/www.europesays.com\/lv\/wp-json\/wp\/v2\/tags?post=22535"}],"curies":[{"name":"wp","href":"https:\/\/api.w.org\/{rel}","templated":true}]}}