{"id":22537,"date":"2025-10-16T12:22:07","date_gmt":"2025-10-16T12:22:07","guid":{"rendered":"https:\/\/www.europesays.com\/lv\/22537\/"},"modified":"2025-10-16T12:22:07","modified_gmt":"2025-10-16T12:22:07","slug":"francijas-premjers-iztur-divus-uzticibas-balsojumus","status":"publish","type":"post","link":"https:\/\/www.europesays.com\/lv\/22537\/","title":{"rendered":"Francijas premjers iztur divus uztic\u012bbas balsojumus"},"content":{"rendered":"<p>Lai izteiktu premjeram neuztic\u012bbu, bija nepiecie\u0161amas vismaz 289 no 577 Nacion\u0101l\u0101s sapulces deput\u0101tu bals\u012bm. Ta\u010du &#8220;Nepak\u013c\u0101v\u012bg\u0101s Francijas&#8221; ierosin\u0101t\u0101ja balsojum\u0101 neuztic\u012bbas izteik\u0161anu atbalst\u012bja tikai 271 deput\u0101ts. Savuk\u0101rt balsojum\u0101, ko ierosin\u0101ja Nacion\u0101l\u0101 apvien\u012bba, neuztic\u012bbas izteik\u0161anu atbalst\u012bja tikai 144 deput\u0101ti.<\/p>\n<p>\u0160\u0101ds izn\u0101kums bija gaid\u0101ms, jo nevienai no ab\u0101m partij\u0101m, kas ierosin\u0101ja balsojumus, nepietiek balsu, lai g\u0101ztu vald\u012bbu. Tas b\u016btu izdevies tikai ar soci\u0101listu atbalstu, bet Lekorn\u012b pirms balsojumiem izdev\u0101s nodro\u0161in\u0101t soci\u0101listu nost\u0101\u0161anos vi\u0146a pus\u0113, apturot pretrun\u012bgi v\u0113rt\u0113to pension\u0113\u0161an\u0101s vecuma paaugstin\u0101\u0161anu no 62 l\u012bdz 64 gadiem.<\/p>\n<p>Ta\u010du uztic\u012bbas balsojumu iztur\u0113\u0161ana, visticam\u0101k, nenoz\u012bm\u0113s politisko nedienu beigas Francij\u0101.<\/p>\n<p>Kop\u0161 prezidenta Emanuela Makrona 2024. gada vid\u016b izsludin\u0101taj\u0101m pirmstermi\u0146a parlamenta v\u0113l\u0113\u0161an\u0101m Nacion\u0101l\u0101 sapulce ir sa\u0161\u0137elta vair\u0101kos politiskajos blokos, no kuriem nevienam nav valdo\u0161ais vair\u0101kums un neviens nesp\u0113j izveidot stabilu koal\u012bciju. Lekorn\u012b kabinets ir jau ceturt\u0101 vald\u012bba kop\u0161 \u0161\u012bm v\u0113l\u0113\u0161an\u0101m.<\/p>\n","protected":false},"excerpt":{"rendered":"Lai izteiktu premjeram neuztic\u012bbu, bija nepiecie\u0161amas vismaz 289 no 577 Nacion\u0101l\u0101s sapulces deput\u0101tu bals\u012bm. Ta\u010du &#8220;Nepak\u013c\u0101v\u012bg\u0101s Francijas&#8221; ierosin\u0101t\u0101ja&hellip;\n","protected":false},"author":2,"featured_media":22538,"comment_status":"","ping_status":"","sticky":false,"template":"","format":"standard","meta":{"footnotes":""},"categories":[14],"tags":[23,57,28,29,32,33,1309,22,30,31,35,39,38,36,37,34,40,20,26,27,24,25,54,55,56,21,58],"class_list":{"0":"post-22537","1":"post","2":"type-post","3":"status-publish","4":"format-standard","5":"has-post-thumbnail","7":"category-zinas-no-arvalstim","8":"tag-aktualitates","9":"tag-arvalstim","10":"tag-breaking-news","11":"tag-breakingnews","12":"tag-featured-news","13":"tag-featurednews","14":"tag-francija","15":"tag-headlines","16":"tag-latest-news","17":"tag-latestnews","18":"tag-latvia","19":"tag-latvian","20":"tag-latviesu","21":"tag-latviesu-valoda","22":"tag-latviesuvaloda","23":"tag-latvija","24":"tag-lv","25":"tag-news","26":"tag-popularakas-zinas","27":"tag-popularakaszinas","28":"tag-top-stories","29":"tag-topstories","30":"tag-world","31":"tag-world-news","32":"tag-worldnews","33":"tag-zinas","34":"tag-zinas-no-arvalstim"},"share_on_mastodon":{"url":"","error":""},"_links":{"self":[{"href":"https:\/\/www.europesays.com\/lv\/wp-json\/wp\/v2\/posts\/22537","targetHints":{"allow":["GET"]}}],"collection":[{"href":"https:\/\/www.europesays.com\/lv\/wp-json\/wp\/v2\/posts"}],"about":[{"href":"https:\/\/www.europesays.com\/lv\/wp-json\/wp\/v2\/types\/post"}],"author":[{"embeddable":true,"href":"https:\/\/www.europesays.com\/lv\/wp-json\/wp\/v2\/users\/2"}],"replies":[{"embeddable":true,"href":"https:\/\/www.europesays.com\/lv\/wp-json\/wp\/v2\/comments?post=22537"}],"version-history":[{"count":0,"href":"https:\/\/www.europesays.com\/lv\/wp-json\/wp\/v2\/posts\/22537\/revisions"}],"wp:featuredmedia":[{"embeddable":true,"href":"https:\/\/www.europesays.com\/lv\/wp-json\/wp\/v2\/media\/22538"}],"wp:attachment":[{"href":"https:\/\/www.europesays.com\/lv\/wp-json\/wp\/v2\/media?parent=22537"}],"wp:term":[{"taxonomy":"category","embeddable":true,"href":"https:\/\/www.europesays.com\/lv\/wp-json\/wp\/v2\/categories?post=22537"},{"taxonomy":"post_tag","embeddable":true,"href":"https:\/\/www.europesays.com\/lv\/wp-json\/wp\/v2\/tags?post=22537"}],"curies":[{"name":"wp","href":"https:\/\/api.w.org\/{rel}","templated":true}]}}