{"id":22541,"date":"2025-10-16T12:24:11","date_gmt":"2025-10-16T12:24:11","guid":{"rendered":"https:\/\/www.europesays.com\/lv\/22541\/"},"modified":"2025-10-16T12:24:11","modified_gmt":"2025-10-16T12:24:11","slug":"numura-zimes-vairs-nebus-janodod-ja-transportlidzeklis-uz-laiku-nonemts-no-uzskaites-2","status":"publish","type":"post","link":"https:\/\/www.europesays.com\/lv\/22541\/","title":{"rendered":"Numura z\u012bmes vairs neb\u016bs j\u0101nodod, ja transportl\u012bdzeklis uz laiku no\u0146emts no uzskaites"},"content":{"rendered":"<p>Ce\u013cu satiksmes dro\u0161\u012bbas direkcijas (CSDD) pakalpojumi iedz\u012bvot\u0101jiem b\u016bs v\u0113l \u0113rt\u0101ki \u2013 valsts re\u0123istr\u0101cijas numura z\u012bmes vairs neb\u016bs j\u0101nodod, ja transportl\u012bdzeklis uz laiku no\u0146emts no uzskaites. To noteic Saeim\u0101 ceturtdien gal\u012bgaj\u0101 las\u012bjum\u0101 pie\u0146emtie groz\u012bjumi Transportl\u012bdzek\u013ca ekspluat\u0101cijas nodok\u013ca un uz\u0146\u0113mumu vieglo transportl\u012bdzek\u013cu nodok\u013ca likum\u0101, inform\u0113ja Saeimas preses dienests.<\/p>\n<p>CSDD \u0161o procesu turpm\u0101k nodro\u0161in\u0101s elektroniski bez nepiecie\u0161am\u012bbas kl\u0101tien\u0113 nodot numura z\u012bmes.\u00a0<\/p>\n<p>\u201cElektroniska k\u0101rt\u012bba b\u016bs iev\u0113rojami \u0113rt\u0101ka iedz\u012bvot\u0101jiem, jo vairs nevajadz\u0113s doties uz CSDD un fiziski nodot sava automobi\u013ca numura z\u012bmes, ja tas uz laiku tiek no\u0146emts no uzskaites,\u201d iepriek\u0161 uzsv\u0113ra par groz\u012bjumu virz\u012bbu Saeim\u0101 atbild\u012bg\u0101s Bud\u017eeta komisijas priek\u0161s\u0113d\u0113t\u0101ja Anda \u010cak\u0161a.<\/p>\n<p>Jaun\u0101 k\u0101rt\u012bba st\u0101sies sp\u0113k\u0101 jau 1.novembr\u012b.<\/p>\n","protected":false},"excerpt":{"rendered":"Ce\u013cu satiksmes dro\u0161\u012bbas direkcijas (CSDD) pakalpojumi iedz\u012bvot\u0101jiem b\u016bs v\u0113l \u0113rt\u0101ki \u2013 valsts re\u0123istr\u0101cijas numura z\u012bmes vairs neb\u016bs j\u0101nodod,&hellip;\n","protected":false},"author":2,"featured_media":22542,"comment_status":"","ping_status":"","sticky":false,"template":"","format":"standard","meta":{"footnotes":""},"categories":[5],"tags":[23,28,29,47,32,33,22,381,64,30,31,35,39,38,36,37,34,40,20,385,26,27,172,382,384,383,24,25,21],"class_list":{"0":"post-22541","1":"post","2":"type-post","3":"status-publish","4":"format-standard","5":"has-post-thumbnail","7":"category-aktualitates","8":"tag-aktualitates","9":"tag-breaking-news","10":"tag-breakingnews","11":"tag-ekonomika","12":"tag-featured-news","13":"tag-featurednews","14":"tag-headlines","15":"tag-jaunumi","16":"tag-kultura","17":"tag-latest-news","18":"tag-latestnews","19":"tag-latvia","20":"tag-latvian","21":"tag-latviesu","22":"tag-latviesu-valoda","23":"tag-latviesuvaloda","24":"tag-latvija","25":"tag-lv","26":"tag-news","27":"tag-pieriga","28":"tag-popularakas-zinas","29":"tag-popularakaszinas","30":"tag-riga","31":"tag-sabiedriba","32":"tag-sludinajumi","33":"tag-sports-afisa","34":"tag-top-stories","35":"tag-topstories","36":"tag-zinas"},"share_on_mastodon":{"url":"","error":""},"_links":{"self":[{"href":"https:\/\/www.europesays.com\/lv\/wp-json\/wp\/v2\/posts\/22541","targetHints":{"allow":["GET"]}}],"collection":[{"href":"https:\/\/www.europesays.com\/lv\/wp-json\/wp\/v2\/posts"}],"about":[{"href":"https:\/\/www.europesays.com\/lv\/wp-json\/wp\/v2\/types\/post"}],"author":[{"embeddable":true,"href":"https:\/\/www.europesays.com\/lv\/wp-json\/wp\/v2\/users\/2"}],"replies":[{"embeddable":true,"href":"https:\/\/www.europesays.com\/lv\/wp-json\/wp\/v2\/comments?post=22541"}],"version-history":[{"count":0,"href":"https:\/\/www.europesays.com\/lv\/wp-json\/wp\/v2\/posts\/22541\/revisions"}],"wp:featuredmedia":[{"embeddable":true,"href":"https:\/\/www.europesays.com\/lv\/wp-json\/wp\/v2\/media\/22542"}],"wp:attachment":[{"href":"https:\/\/www.europesays.com\/lv\/wp-json\/wp\/v2\/media?parent=22541"}],"wp:term":[{"taxonomy":"category","embeddable":true,"href":"https:\/\/www.europesays.com\/lv\/wp-json\/wp\/v2\/categories?post=22541"},{"taxonomy":"post_tag","embeddable":true,"href":"https:\/\/www.europesays.com\/lv\/wp-json\/wp\/v2\/tags?post=22541"}],"curies":[{"name":"wp","href":"https:\/\/api.w.org\/{rel}","templated":true}]}}