{"id":225531,"date":"2026-06-13T07:47:15","date_gmt":"2026-06-13T07:47:15","guid":{"rendered":"https:\/\/www.europesays.com\/lv\/225531\/"},"modified":"2026-06-13T07:47:15","modified_gmt":"2026-06-13T07:47:15","slug":"ukraina-un-moldova-pirmdien-saks-pirmo-pievienosanas-sarunu-sadalu-ar-es","status":"publish","type":"post","link":"https:\/\/www.europesays.com\/lv\/225531\/","title":{"rendered":"Ukraina un Moldova pirmdien s\u0101ks pirmo pievieno\u0161an\u0101s sarunu sada\u013cu ar ES"},"content":{"rendered":"<p>&#8220;Ukraina aizst\u0101v sevi un, to darot, visu Eiropu,&#8221; p\u0113c ES pazi\u0146ojuma sac\u012bja Ukrainas prezidents <a href=\"https:\/\/www.apollo.lv\/term\/584993\/volodimirs-zelenskis\" class=\"topicLink\" target=\"_blank\" rel=\"nofollow noopener\">Volodimirs Zelenskis<\/a>. &#8220;K\u0101 jau esam teiku\u0161i, Ukraina dara to, kas ir nepiecie\u0161ams, un ir svar\u012bgi, ka ar\u012b ES tur savu v\u0101rdu. Pirm\u0101s sarunu sada\u013cas atv\u0113r\u0161ana ir noz\u012bm\u012bgs politisks un mor\u0101ls atbalsts m\u016bsu valstij un m\u016bsu tautai,&#8221; nor\u0101d\u012bja prezidents.<\/p>\n<p>Moldovas prezidente Maija Sandu pauda gandar\u012bjumu par sarunu pirm\u0101s sada\u013cas atv\u0113r\u0161anu un sac\u012bja, ka Moldova ir gatava atv\u0113rt visas sada\u013cas un turpin\u0101t \u012bstenot reformas.<\/p>\n<p>Orb\u0101na vald\u012bba l\u012bdz \u0161im blo\u0137\u0113ja jebk\u0101du re\u0101lu progresu Ukrainas iest\u0101\u0161an\u0101s proces\u0101. Ung\u0101rijas jaunais premjerministrs P\u0113ters Ma\u0123ars atteic\u0101s no \u0161\u012bs nost\u0101jas p\u0113c tam, kad ar Ukrainu tika pan\u0101kta vieno\u0161an\u0101s par Ukrain\u0101 dz\u012bvojo\u0161\u0101s ung\u0101ru etnisk\u0101s minorit\u0101tes ties\u012bb\u0101m.<\/p>\n<p>Ukrainas vald\u012bba piektdienas p\u0113cpusdien\u0101 apstiprin\u0101ja un nos\u016bt\u012bja uz Briseli l\u0113mumu par groz\u012bjumiem valsts maz\u0101kumtaut\u012bbu aizsardz\u012bbas pl\u0101n\u0101, kas saska\u0146ots ar ES dal\u012bbvalst\u012bm.<\/p>\n<p>Ta\u010du Ma\u0123ars nor\u0101d\u012bjis, ka Ung\u0101rija neatbalsta pa\u0101trin\u0101tu proced\u016bru attiec\u012bb\u0101 uz Ukrainas pievieno\u0161anos ES. Vi\u0146\u0161 ar\u012b teica, ka Ung\u0101rij\u0101 tiks r\u012bkots referendums par Ukrainas dal\u012bbu Eiropas Savien\u012bb\u0101, ja tai &#8220;izdosies nosl\u0113gt visas 33 pievieno\u0161an\u0101s sarunu noda\u013cas n\u0101kamo desmit l\u012bdz 15 gadu laik\u0101&#8221;.<\/p>\n<p>&#8220;Pirm\u0101s sarunu sada\u013cas atv\u0113r\u0161ana ir tikai pirmais solis gar\u0101 un sare\u017e\u0123\u012bt\u0101 proces\u0101,&#8221; vi\u0146\u0161 br\u012bdin\u0101ja, minot Melnkalnes piem\u0113ru, kuras &#8220;pievieno\u0161an\u0101s process s\u0101k\u0101s 2012. gad\u0101, un, lai gan ir pan\u0101kts iev\u0113rojams progress, t\u0101 joproj\u0101m nav ES dal\u012bbvalsts&#8221;.<\/p>\n","protected":false},"excerpt":{"rendered":"&#8220;Ukraina aizst\u0101v sevi un, to darot, visu Eiropu,&#8221; p\u0113c ES pazi\u0146ojuma sac\u012bja Ukrainas prezidents Volodimirs Zelenskis. &#8220;K\u0101 jau&hellip;\n","protected":false},"author":2,"featured_media":225532,"comment_status":"","ping_status":"","sticky":false,"template":"","format":"standard","meta":{"footnotes":"","_share_on_mastodon":"0"},"categories":[14],"tags":[23,9080,57,28,29,512,514,32,33,22,30,31,35,39,38,36,37,34,40,1453,20,26,27,24,25,276,5507,2508,178,54,55,56,21,58],"class_list":["post-225531","post","type-post","status-publish","format-standard","has-post-thumbnail","category-zinas-no-arvalstim","tag-aktualitates","tag-antoniu-kosta","tag-arvalstim","tag-breaking-news","tag-breakingnews","tag-eiropas-komisija","tag-eiropas-savieniba","tag-featured-news","tag-featurednews","tag-headlines","tag-latest-news","tag-latestnews","tag-latvia","tag-latvian","tag-latviesu","tag-latviesu-valoda","tag-latviesuvaloda","tag-latvija","tag-lv","tag-moldova","tag-news","tag-popularakas-zinas","tag-popularakaszinas","tag-top-stories","tag-topstories","tag-ukraina","tag-urzula-fon-der-leiena","tag-viktors-orbans","tag-volodimirs-zelenskis","tag-world","tag-world-news","tag-worldnews","tag-zinas","tag-zinas-no-arvalstim"],"share_on_mastodon":{"url":"","error":"Validation failed: Text character limit of 500 exceeded"},"_links":{"self":[{"href":"https:\/\/www.europesays.com\/lv\/wp-json\/wp\/v2\/posts\/225531","targetHints":{"allow":["GET"]}}],"collection":[{"href":"https:\/\/www.europesays.com\/lv\/wp-json\/wp\/v2\/posts"}],"about":[{"href":"https:\/\/www.europesays.com\/lv\/wp-json\/wp\/v2\/types\/post"}],"author":[{"embeddable":true,"href":"https:\/\/www.europesays.com\/lv\/wp-json\/wp\/v2\/users\/2"}],"replies":[{"embeddable":true,"href":"https:\/\/www.europesays.com\/lv\/wp-json\/wp\/v2\/comments?post=225531"}],"version-history":[{"count":0,"href":"https:\/\/www.europesays.com\/lv\/wp-json\/wp\/v2\/posts\/225531\/revisions"}],"wp:featuredmedia":[{"embeddable":true,"href":"https:\/\/www.europesays.com\/lv\/wp-json\/wp\/v2\/media\/225532"}],"wp:attachment":[{"href":"https:\/\/www.europesays.com\/lv\/wp-json\/wp\/v2\/media?parent=225531"}],"wp:term":[{"taxonomy":"category","embeddable":true,"href":"https:\/\/www.europesays.com\/lv\/wp-json\/wp\/v2\/categories?post=225531"},{"taxonomy":"post_tag","embeddable":true,"href":"https:\/\/www.europesays.com\/lv\/wp-json\/wp\/v2\/tags?post=225531"}],"curies":[{"name":"wp","href":"https:\/\/api.w.org\/{rel}","templated":true}]}}