{"id":22555,"date":"2025-10-16T12:41:08","date_gmt":"2025-10-16T12:41:08","guid":{"rendered":"https:\/\/www.europesays.com\/lv\/22555\/"},"modified":"2025-10-16T12:41:08","modified_gmt":"2025-10-16T12:41:08","slug":"saeimas-deputatu-vairakums-atbalsta-alternativu-deklaraciju-stambulas-konvencijas-vieta","status":"publish","type":"post","link":"https:\/\/www.europesays.com\/lv\/22555\/","title":{"rendered":"Saeimas deput\u0101tu vair\u0101kums atbalsta alternat\u012bvu deklar\u0101ciju Stambulas konvencijas viet\u0101"},"content":{"rendered":"<p>Saeimas deput\u0101tu vair\u0101kums ceturtdien atbalst\u012bja Nacion\u0101l\u0101s apvien\u012bbas (NA), Za\u013co un zemnieku savien\u012bbas (ZZS), &#8220;Apvienot\u0101 saraksta&#8221; (AS) deput\u0101tu sagatavoto un parakst\u012bto deklar\u0101ciju, kas apliecina valsts ap\u0146\u0113m\u012bbu m\u0113r\u0137tiec\u012bgi r\u012bkoties, lai aizsarg\u0101tu ikvienu no vardarb\u012bbas, \u012bpa\u0161i sievietes un b\u0113rnus, k\u0101 ar\u012b paredz atbilsto\u0161u risin\u0101jumu ievie\u0161anu likumdo\u0161anas l\u012bmen\u012b.<\/p>\n<p>Deklar\u0101cija izstr\u0101d\u0101ta k\u0101 alternat\u012bva t\u0101 d\u0113v\u0113tajai Stambulas konvencijai.<\/p>\n<p>Par deklar\u0101ciju nobalsoja 56 deput\u0101ti no ZZS, NA, AS, partij\u0101m &#8220;Stabilit\u0101tei&#8221; un &#8220;Latvija pirmaj\u0101 viet\u0101&#8221; (LPV). T\u0101pat &#8220;par&#8221; balsoja deput\u0101ts Andrejs Ce\u013cap\u012bters. Balsojum\u0101 nepiedal\u012bj\u0101s deput\u0101ti no &#8220;Jaun\u0101s vienot\u012bbas&#8221; (JV), pie Saeimas frakcij\u0101m nepiedero\u0161ie deput\u0101ti Skaidr\u012bte \u0100brama, Igors Rajevs un Didzis \u0160mits.<\/p>\n<p>Pret deklar\u0101ciju balsoja visi asto\u0146i deput\u0101ti no &#8220;Progres\u012bvajiem&#8221;.<\/p>\n<p>Saeimas deput\u0101te Leila Rasima (P) Saeimas s\u0113d\u0113 pirms balsojuma teica, ka iniciat\u012bva izst\u0101ties no Stambulas konvencijas un iecere veidot &#8220;alternat\u012bvu&#8221; ir sask\u0101rusies ar milz\u012bgu iest\u0101\u017eu, sabiedr\u012bbas nosod\u012bjumu, pretest\u012bba ir liela. &#8220;Vi\u0146u radi un draugi raksta vi\u0146iem, k\u0101p\u0113c vi\u0146i grib izst\u0101ties no konvencijas,&#8221; run\u0101jot ar deklar\u0101ciju parakst\u012bju\u0161ajiem deput\u0101tiem, teica Rasima.<\/p>\n<p>Vi\u0146a ar\u012b p\u0101rmeta NA un ZZS sadarbo\u0161anos ar Ain\u0101ru \u0160leseru (LPV). Deput\u0101te teica, ka \u0161\u012b &#8220;alternat\u012bva&#8221; ir m\u0113\u0123in\u0101jumi attaisnot savu balsojumu par izst\u0101\u0161anos no Stambulas konvencijas.<\/p>\n<p>&#8220;Progres\u012bvo&#8221; deput\u0101te Jana Simanovska deput\u0101tu pied\u0101v\u0101to alternat\u012bvu nosauca par &#8220;konvencijas izstr\u0101d\u0101jumu&#8221;. Vi\u0146a nor\u0101d\u012bja, ka &#8220;esam aizmirsu\u0161i, kas ir m\u016bsu draugi&#8221;, uzsverot, ka vi\u0146ai ir kauns st\u0101st\u012bt politi\u0137iem no cit\u0101m valst\u012bm par notieko\u0161o Latvijas politikas telp\u0101. Vi\u0146a nor\u0101d\u012bja, ka izst\u0101\u0161an\u0101s no Stambulas konvencijas atbilst Krem\u013ca narat\u012bvam.<\/p>\n<p>&#8220;Izst\u0101joties no konvencijas, m\u0113s \u0161\u0137iramies no uzticamiem partneriem,&#8221; pazi\u0146oja Simanovska.<\/p>\n<p>Zanda Kalni\u0146a-Luka\u0161evica (JV) sac\u012bja, ka deklar\u0101cija esot gan laba, gan \u013cauna vienlaikus. Vi\u0146aspr\u0101t, esot laba un vajadz\u012bga jebkura ap\u0146em\u0161an\u0101s Latvij\u0101 izskaust vardarb\u012bbu. Vi\u0146a nor\u0101d\u012bja, ka kop\u0161 Stambulas konvencijas pie\u0146em\u0161anas veikta virkne pas\u0101kumu vardarb\u012bbas apkaro\u0161anai, t\u0101pat ar\u012b daudz vair\u0101k cilv\u0113ku v\u0113rsu\u0161ies p\u0113c pal\u012bdz\u012bbas.<\/p>\n<p>Vi\u0146a nor\u0101d\u012bja, ka likumprojekts, ko paredz izstr\u0101d\u0101t deklar\u0101cija, varot tikt izstr\u0101d\u0101ts, tas var\u0113tu b\u016bt lietder\u012bgs &#8211; Saeima var\u0113tu t\u0101du izstr\u0101d\u0101t.<\/p>\n<p>Reiz\u0113 deput\u0101te atzina, ka \u0161\u012b deklar\u0101cija ir kait\u012bga, jo rad\u012bjusi il\u016bziju, ka t\u0101 jebk\u0101d\u0101 veid\u0101 var\u0113tu b\u016bt alternat\u012bva Stambulas konvencijai. Vi\u0146a nor\u0101d\u012bja, ka Saeimas deput\u0101tiem j\u0101apzin\u0101s savu l\u0113mumu svars.<\/p>\n<p>&#8220;\u0160\u012b deklar\u0101cija ir deklar\u0101cija, \u0161o formu m\u0113s bie\u017ei izmantojam komunik\u0101cijai ar saviem starptautiskajiem partneriem (..), vienlaikus \u0161\u0101d\u0101m deklar\u0101cij\u0101m jeb l\u0113mumiem nav likuma sp\u0113ka, un iek\u0161politiski, piedodiet, bet t\u0101m ir atkl\u0101t\u0101s v\u0113stules sp\u0113ks,&#8221; teica Kalni\u0146a-Luka\u0161evica, nor\u0101dot, ka ar deklar\u0101ciju nevienam nevar sniegt papildu aizsardz\u012bbu, t\u0101 nek\u0101di nevar b\u016bt alternat\u012bva starptautiski saisto\u0161ai konvencijai.<\/p>\n<p>Vi\u0146a nor\u0101d\u012bja, ka Saeima ar likumu varot uzdot vald\u012bbai jebk\u0101du uzdevumu, ta\u010du ar l\u0113mumiem netiek pie\u0146emtas normat\u012bvas lietas. &#8220;Ar \u0161\u0101du deklar\u0101ciju m\u0113s nevaram uzdot saisto\u0161u uzdevumu Ministru kabinetam,&#8221; teica deput\u0101te, nor\u0101dot, ka likumprojektu var izstr\u0101d\u0101t Saeim\u0101.<\/p>\n<p>Kalni\u0146a-Luka\u0161evica nor\u0101d\u012bja, ka JV nol\u0113musi nepiedal\u012bties balsojum\u0101, lai piev\u0113rstu uzman\u012bbu un uzsv\u0113rtu, ka tiek rad\u012bta il\u016bzija par alternat\u012bvu konvencijai, kurai nav viet\u0113jas alternat\u012bvas.<\/p>\n<p>&#8220;Mums ir j\u0101paliek Eiropas v\u0113rt\u012bbu telp\u0101, j\u0101c\u012bn\u0101s pret vardarb\u012bbu Eiropas v\u0113rt\u012bbu tv\u0113rum\u0101. Mums nevajag izraut sevi \u0101r\u0101 no Eiropas v\u0113rt\u012bbu telpas un iemest k\u0101d\u0101 &#8220;Austrumu katl\u0101&#8221;,&#8221; teica deput\u0101te.<\/p>\n<p>Opoz\u012bcijas deput\u0101te In\u0101ra M\u016brniece (NA) savuk\u0101rt sac\u012bja, ka &#8220;viss nav tik vienk\u0101r\u0161i&#8221;, jo runa esot par &#8220;ideolo\u0123iskiem jaut\u0101jumiem&#8221;. &#8220;T\u0101p\u0113c m\u0113s cits citu p\u0101rliecin\u0101t nevar\u0113sim,&#8221; teica M\u016brniece, atg\u0101dinot, ka vi\u0146as v\u0113rt\u012bbas ir konservat\u012bvas.<\/p>\n<p>M\u016brniece iebilda Kalni\u0146ai-Luka\u0161evicai, nor\u0101dot, ka parlaments varot ar savu l\u0113mumu dot vald\u012bbai uzdevumus. Vi\u0146aspr\u0101t, premjerei Evikai Sili\u0146ai (JV) vajadz\u0113tu par \u0161o tikai priec\u0101ties un jau tagad s\u0101kt \u0161o likumu rakst\u012bt.<\/p>\n<p>ZZS Saeimas frakcijas vad\u012bt\u0101js Harijs Rokpelnis teica, ka pateiktam v\u0101rdam ir sp\u0113ks, bet rakst\u012btam v\u0101rdam &#8211; divtik liels sp\u0113ks. Vi\u0146\u0161 nor\u0101d\u012bja, ka priek\u0161\u0101 esot likumprojekts, kur\u0101 rakst\u012bts, ka Latvijas parlaments iest\u0101jas pret vardarb\u012bbu. Vi\u0146\u0161 aicin\u0101ja atbalst\u012bt deklar\u0101ciju.<\/p>\n<p>L\u012bga Rasna\u010da (P) pauda, ka svar\u012bgi apzin\u0101ties, ar k\u0101d\u0101m valst\u012bm ir v\u0113lme b\u016bt kop\u0101 un ar kur\u0101m m\u016bsu v\u0113rt\u012bbas ne piln\u012bb\u0101 saskan. Vi\u0146a nor\u0101d\u012bja, ka vien\u012bg\u0101 valsts, kas denons\u0113jusi Stambulas konvenciju, ir Turcija, kur sievie\u0161u balso\u0161anas ties\u012bbas ieg\u016btas 20 gadus v\u0113l\u0101k nek\u0101 Latvij\u0101.<\/p>\n<p>Vi\u0146a nor\u0101d\u012bja, ka \u0161\u012bs esot krustceles, lai izv\u0113l\u0113tos, pa kuru ce\u013cu iesim. &#8220;Ja m\u0113s demonstr\u0113jam, ka mums starptautiskas vieno\u0161an\u0101s nav svar\u012bgas, ka mums ir citas v\u0113rt\u012bbas, kaut k\u0101das \u0161auras, provinci\u0101las v\u0113rt\u012bbas, tad jau varb\u016bt ejam t\u0101l\u0101k? Ir v\u0113l \u010detras konvencijas par sievie\u0161u vienl\u012bdz\u012bg\u0101m ties\u012bb\u0101m &#8211; ar\u012b t\u0101s varb\u016bt vajag denons\u0113t?&#8221; retoriski vaic\u0101ja Rasna\u010da.<\/p>\n<p>Deput\u0101ts \u010ceslavs Bat\u0146a (AS) sav\u0101 \u012bsaj\u0101 uzst\u0101\u0161an\u0101s laik\u0101 nor\u0101d\u012bja, ka vi\u0146\u0161 iest\u0101jas pret vardarb\u012bbu, ta\u010du iebildumi vien pret k\u0101diem jaut\u0101jumiem nenoz\u012bm\u0113, ka vi\u0146u vai citus var saukt par &#8220;kremliniem&#8221;.<\/p>\n<p>Amils Sa\u013cimovs (&#8220;Stabilit\u0101tei&#8221;) teica, ka vi\u0146am neesot skaidrs, vai patlaban tiek run\u0101ts par vardarb\u012bbu vai par to, kam ir liel\u0101ka ietekme Saeimas s\u0113\u017eu z\u0101l\u0113. Vi\u0146\u0161 pauda neizpratni, k\u0101p\u0113c &#8220;Progres\u012bvie&#8221; neatbalsta \u0161o deklar\u0101ciju, ja vi\u0146i ir pret vardarb\u012bbu.<\/p>\n<p>JV Saeimas frakcijas vad\u012bt\u0101js Edmunds Jur\u0113vics tikm\u0113r pazi\u0146oja, ka, &#8220;sapinu\u0161ies savos argumentos un krem\u013ca dezinform\u0101cijas kampa\u0146as t\u012bklos, opoz\u012bcijas kol\u0113\u0123i m\u0113\u0123ina sabiedr\u012bbas priek\u0161\u0101 piesegt kaunu ar \u0161o Satversmei neatbilsto\u0161o deklarat\u012bvo dokumentu&#8221;.<\/p>\n<p>Jur\u0113vics pauda, ka opoz\u012bcijas l\u0113mumprojekts &#8220;pret vardarb\u012bbu&#8221; teju v\u0101rds v\u0101rd\u0101 atk\u0101rto konvenciju, ko pa\u0161i lam\u0101, bet ir v\u0113rsts uz starptautisko saist\u012bbu atcel\u0161anu.<\/p>\n<p>Jur\u0113vics ar\u012b pazi\u0146ojis, ka JV &#8220;\u0161aj\u0101 fars\u0101 nepiedal\u012bsies&#8221;. &#8220;Mums j\u0101paliek Eiropas v\u0113rt\u012bbu telp\u0101,&#8221; nor\u0101da politi\u0137is.<\/p>\n<p>Savuk\u0101rt deput\u0101ts Didzis \u0160mits nor\u0101d\u012bja, ka paties\u0101 vardarb\u012bba esot \u0161\u012bs debates. P\u0113c vi\u0146a v\u0101rdiem, t\u0101 ir vardarb\u012bba pret cilv\u0113ka intelektu. Vi\u0146\u0161 teica, ka \u0161is viss esot s\u0101cies, jo ZZS v\u0113l\u0113jusies b\u016bt vald\u012bb\u0101, t\u0101d\u0113\u013c iepriek\u0161, ratific\u0113jot konvenciju, balsojusi pret savu sirdsapzi\u0146u.<\/p>\n<p>Tagad, pabijusi Sili\u0146as vald\u012bb\u0101, ZZS v\u0113las b\u016bt atpaka\u013c Saeim\u0101 ar\u012b p\u0113c \u0161\u012b sasaukuma, teica \u0160mits.<\/p>\n<p>Jau zi\u0146ots, ka NA, ZZS, AS deput\u0101ti parakst\u012bju\u0161i un Saeim\u0101 iesniegu\u0161i deklar\u0101ciju, kas apliecina valsts ap\u0146\u0113m\u012bbu m\u0113r\u0137tiec\u012bgi r\u012bkoties, lai aizsarg\u0101tu ikvienu no vardarb\u012bbas, \u012bpa\u0161i sievietes un b\u0113rnus, k\u0101 ar\u012b paredz atbilsto\u0161u risin\u0101jumu ievie\u0161anu likumdo\u0161anas l\u012bmen\u012b.<\/p>\n<p>NA nor\u0101d\u012bjusi, ka nedr\u012bkst pie\u013caut, ka vardarb\u012bbas nov\u0113r\u0161anas jaut\u0101jums k\u013c\u016bst par ideolo\u0123isku c\u012b\u0146u un vardarb\u012bbas probl\u0113mas netiek risin\u0101tas p\u0113c b\u016bt\u012bbas. Deklar\u0101cijas m\u0113r\u0137is esot pan\u0101kt praktisku r\u012bc\u012bbu &#8211; pal\u012bdz\u012bbu cietu\u0161ajiem un stingru atbild\u012bbu vain\u012bgajiem.<\/p>\n<p>Saeim\u0101 pie\u0146emt\u0101 deklar\u0101cija paredz l\u012bdz 2026. gada 1. martam izstr\u0101d\u0101t jaunu, visaptvero\u0161u likumu par vardarb\u012bbas pret sieviet\u0113m, b\u0113rniem un vardarb\u012bbas \u0123imen\u0113, k\u0101 ar\u012b visp\u0101r\u0113jas vardarb\u012bbas nov\u0113r\u0161anu un izskau\u0161anu.<\/p>\n<p>Likums noteiks valsts pien\u0101kumu akt\u012bvi risin\u0101t vardarb\u012bbas probl\u0113mas, nodro\u0161in\u0101s upuru aizsardz\u012bbu un atbalstu &#8211; juridisku, psiholo\u0123isku un soci\u0101lu pal\u012bdz\u012bbu -, paredz\u0113s stingru atbild\u012bbu gan par vardarb\u012bbas aktiem, gan valsts iest\u0101\u017eu bezdarb\u012bbu, k\u0101 ar\u012b regul\u0113s datu apkopo\u0161anu, instit\u016bciju sadarb\u012bbu un sabiedr\u012bbas izgl\u012bto\u0161anu vardarb\u012bbas prevencijas jom\u0101.<\/p>\n<p>Nacion\u0101l\u0101 apvien\u012bba uzsv\u0113rusi, ka re\u0101lu rezult\u0101tu iesp\u0113jams pan\u0101kt tikai tad, ja nacion\u0101laj\u0101 likumdo\u0161an\u0101 tiek iestr\u0101d\u0101tas konkr\u0113tas, praktiski \u012bstenojamas normas, kas risina probl\u0113mas p\u0113c b\u016bt\u012bbas.<\/p>\n<p>T\u0101pat v\u0113st\u012bts, ka septembra izska\u0146\u0101, pateicoties ZZS balsojumam Saeim\u0101 par Stambulas konvencijas denons\u0113\u0161anu, s\u0101k\u0101s izteikta nestabilit\u0101te vald\u012bbas koal\u012bcij\u0101. Koal\u012bcijas partneri gan ap\u0146\u0113mu\u0161ies str\u0101d\u0101t, lai pie\u0146emtu n\u0101kam\u0101 gada &#8220;dro\u0161\u012bbas bud\u017eetu&#8221;, ta\u010du tic\u012bbu Ministru prezidentes Evikas Sili\u0146as (JV) vald\u012bbas sp\u0113jai str\u0101d\u0101t ilgtermi\u0146\u0101 nu jau pau\u017e vien retais politi\u0137is.<\/p>\n<p>Latvij\u0101 Eiropas Padomes Konvencija par vardarb\u012bbas pret sieviet\u0113m un vardarb\u012bbas \u0123imen\u0113 nov\u0113r\u0161anu un apkaro\u0161anu jeb t\u0101 d\u0113v\u0113t\u0101 Stambulas konvencija st\u0101j\u0101s sp\u0113k\u0101 pag\u0101ju\u0161\u0101 gada 1. maij\u0101. Tas ir starptautisks l\u012bgums, kas paredz, ka t\u0101 dal\u012bbvalst\u012bm ir j\u0101izstr\u0101d\u0101 saska\u0146ota politika, lai lab\u0101k var\u0113tu aizsarg\u0101t sievietes no visu veidu vardarb\u012bbas, k\u0101 ar\u012b sievietes un v\u012brie\u0161us no vardarb\u012bbas \u0123imen\u0113. Tostarp dal\u012bbvalst\u012bm ir j\u0101nodro\u0161ina cietu\u0161ajiem vispus\u012bga pal\u012bdz\u012bba un aizsardz\u012bba, kr\u012bzes centri, kr\u012bzes t\u0101lrunis, kas darbojas diennakti, specializ\u0113tie atbalsta centri no seksu\u0101las vardarb\u012bbas cietu\u0161\u0101m person\u0101m, j\u0101aizsarg\u0101 un j\u0101atbalsta b\u0113rni, kas ir vardarb\u012bbas liecinieki.<\/p>\n<p>JV Saeim\u0101 ir 25 deput\u0101ti, ZZS frakcij\u0101 &#8211; 16 deput\u0101ti, bet &#8220;Progres\u012bvo&#8221; rind\u0101s &#8211; asto\u0146i Saeimas deput\u0101ti. AS ir 13 deput\u0101ti, Nacion\u0101lajai apvien\u012bbai &#8211; 12 deput\u0101ti, LPV un &#8220;Stabilit\u0101tei&#8221; &#8211; katr\u0101 pa asto\u0146iem deput\u0101tiem. V\u0113l Saeim\u0101 ir 10 pie frakcij\u0101m nepiedero\u0161i deput\u0101ti, da\u017ei no kuriem atbalsta valdo\u0161o koal\u012bciju.<\/p>\n","protected":false},"excerpt":{"rendered":"Saeimas deput\u0101tu vair\u0101kums ceturtdien atbalst\u012bja Nacion\u0101l\u0101s apvien\u012bbas (NA), Za\u013co un zemnieku savien\u012bbas (ZZS), &#8220;Apvienot\u0101 saraksta&#8221; (AS) deput\u0101tu sagatavoto&hellip;\n","protected":false},"author":2,"featured_media":22556,"comment_status":"","ping_status":"","sticky":false,"template":"","format":"standard","meta":{"footnotes":""},"categories":[12],"tags":[129,4004,1209,3277,23,28,29,32,33,22,30,31,35,39,38,36,37,34,40,20,26,27,1210,4005,3278,1211,4006,3279,24,25,21],"class_list":{"0":"post-22555","1":"post","2":"type-post","3":"status-publish","4":"format-standard","5":"has-post-thumbnail","7":"category-latvija","8":"tag-__typenameadvicekeyword","9":"tag-id575","10":"tag-id824","11":"tag-id969","12":"tag-aktualitates","13":"tag-breaking-news","14":"tag-breakingnews","15":"tag-featured-news","16":"tag-featurednews","17":"tag-headlines","18":"tag-latest-news","19":"tag-latestnews","20":"tag-latvia","21":"tag-latvian","22":"tag-latviesu","23":"tag-latviesu-valoda","24":"tag-latviesuvaloda","25":"tag-latvija","26":"tag-lv","27":"tag-news","28":"tag-popularakas-zinas","29":"tag-popularakaszinas","30":"tag-slugpolitika","31":"tag-slugsaeima","32":"tag-slugstambulas-konvencija","33":"tag-titlepolitika","34":"tag-titlesaeima","35":"tag-titlestambulas-konvencija","36":"tag-top-stories","37":"tag-topstories","38":"tag-zinas"},"share_on_mastodon":{"url":"","error":""},"_links":{"self":[{"href":"https:\/\/www.europesays.com\/lv\/wp-json\/wp\/v2\/posts\/22555","targetHints":{"allow":["GET"]}}],"collection":[{"href":"https:\/\/www.europesays.com\/lv\/wp-json\/wp\/v2\/posts"}],"about":[{"href":"https:\/\/www.europesays.com\/lv\/wp-json\/wp\/v2\/types\/post"}],"author":[{"embeddable":true,"href":"https:\/\/www.europesays.com\/lv\/wp-json\/wp\/v2\/users\/2"}],"replies":[{"embeddable":true,"href":"https:\/\/www.europesays.com\/lv\/wp-json\/wp\/v2\/comments?post=22555"}],"version-history":[{"count":0,"href":"https:\/\/www.europesays.com\/lv\/wp-json\/wp\/v2\/posts\/22555\/revisions"}],"wp:featuredmedia":[{"embeddable":true,"href":"https:\/\/www.europesays.com\/lv\/wp-json\/wp\/v2\/media\/22556"}],"wp:attachment":[{"href":"https:\/\/www.europesays.com\/lv\/wp-json\/wp\/v2\/media?parent=22555"}],"wp:term":[{"taxonomy":"category","embeddable":true,"href":"https:\/\/www.europesays.com\/lv\/wp-json\/wp\/v2\/categories?post=22555"},{"taxonomy":"post_tag","embeddable":true,"href":"https:\/\/www.europesays.com\/lv\/wp-json\/wp\/v2\/tags?post=22555"}],"curies":[{"name":"wp","href":"https:\/\/api.w.org\/{rel}","templated":true}]}}