{"id":22559,"date":"2025-10-16T12:55:10","date_gmt":"2025-10-16T12:55:10","guid":{"rendered":"https:\/\/www.europesays.com\/lv\/22559\/"},"modified":"2025-10-16T12:55:10","modified_gmt":"2025-10-16T12:55:10","slug":"man-nacas-iemacities-dziedat-no-jauna","status":"publish","type":"post","link":"https:\/\/www.europesays.com\/lv\/22559\/","title":{"rendered":"Man n\u0101c\u0101s iem\u0101c\u012bties dzied\u0101t no jauna"},"content":{"rendered":"<p>Ceturtdien, 16. oktobr\u012b, dzied\u0101t\u0101ja Samanta <a target=\"_blank\" href=\"https:\/\/play.1188.lv\/meklet\/?fraze=T%C4%ABna\" rel=\"nofollow noopener\">T\u012bna<\/a> klaus\u012bt\u0101jiem pied\u0101v\u0101 savu l\u012bdz \u0161im vispersonisk\u0101ko un muzik\u0101li neparast\u0101ko darbu \u2013 albumu &#8220;Nepateiktais&#8221;. Tas ir solis piln\u012bgi jaun\u0101 virzien\u0101 \u2013 pasaules m\u016bzikas un gar\u012bg\u0101s m\u016bzikas apvienojums ar etnisk\u0101m iez\u012bm\u0113m, kur sastopas latvie\u0161u tautas dainas, v\u0113disk\u0101s mantras un sv\u0113tie raksti, p\u0101rtopot dziedino\u0161os, sp\u0113ku un gaismu neso\u0161os ska\u0146darbos.<\/p>\n<p>&#8220;Nepateiktais&#8221; tapis cie\u0161\u0101 sadarb\u012bb\u0101 ar komponistu un \u0161\u012b albuma producentu Rihardu Za\u013cupi, ar kuru Samantai izveidojusies \u012bpa\u0161a rado\u0161a saikne. Albuma tap\u0161an\u0101 piedal\u012bjies ar\u012b Tukuma za\u013cais koris, \u010delliste Dace Z\u0101l\u012bte-Zilberte un \u0123it\u0101rists M\u0101rcis Vasi\u013cevskis.<\/p>\n<p>&#8220;Man pa\u0161ai \u0161is albums bija pavisam jauna pieredze \u2013 n\u0101c\u0101s m\u0101c\u012bties dzied\u0101t no jauna. <\/p>\n<blockquote><p>Katrs ska\u0146darbs mani emocion\u0101li iedvesmo un ietekm\u0113 tik dzi\u013ci, ka es zinu \u2013 koncertos tos b\u016bs \u013coti gr\u016bti izpild\u012bt. <\/p><\/blockquote>\n<p>\u0160aj\u0101s dziesm\u0101s ir liels iek\u0161\u0113js sp\u0113ks, dziedino\u0161s kods, un, lai t\u0101s nodzied\u0101tu, man b\u016bs vajadz\u012bga drosme,&#8221; atkl\u0101j Samanta.<\/p>\n<p>&#8220;\u0160is albums ir rezult\u0101ts \u013coti \u012bpa\u0161ai sadarb\u012bbai. M\u0113s kop\u0101 ar Samantu pal\u012bdz\u0113j\u0101m viens otram atkl\u0101t m\u016bsu rado\u0161\u0101 potenci\u0101la virsotnes. Taj\u0101 savijas Samantas ieceres un teksti \u2013 ori\u0123in\u0101ldarbi, latvie\u0161u dainas un v\u0113disk\u0101s mantras \u2013 ar vi\u0146as balss unik\u0101laj\u0101m nokr\u0101s\u0101m caur manu m\u016bziku, t\u0101d\u0113j\u0101di radot unik\u0101lu skan\u0113jumu. \u0160is albums ir k\u0101 ce\u013cojums cauri laikam un da\u017e\u0101d\u0101m telp\u0101m. \u012apa\u0161s p\u0101rsteigums ir m\u016bsu kop\u012bgais duets &#8220;Kur ir tava sirds&#8221;, kur savijas m\u016bsu balsis, m\u016bzika un \u012bpa\u0161i sacer\u0113tais Marta Puj\u0101ta teksts,&#8221; saka Rihards Za\u013cupe.<\/p>\n<p>Ar &#8220;Nepateiktais&#8221; Samanta T\u012bna uzs\u0101k jaunu muzik\u0101lo posmu \u2013 prom no popa, tuv\u0101k autentiskumam un paties\u012bbai. Albums iez\u012bm\u0113 m\u0101kslinieces iek\u0161\u0113jo ce\u013cu uz l\u012bdzsvaru, gaismu un patiesu br\u012bv\u012bbu, atkl\u0101jot, cik daudz sp\u0113ka var rast nepateiktaj\u0101 un iek\u0161\u0113j\u0101 dialog\u0101 ar sevi un pirmavotu.<\/p>\n<p>Jau p\u0113c albuma izdo\u0161anas Samanta T\u012bna dosies koncertt\u016br\u0113 Latvijas pils\u0113t\u0101s ar jaunu koncertprogrammu un mantr\u0101m no jaun\u0101 albuma. P\u0113c iepriek\u0161\u0113jos divos gados izp\u0101rdotajiem koncertiem, ir j\u0101dodas t\u0101l\u0101k. \u0160\u012b b\u016bs jauna koncerts\u0113rija \u2013 do\u0161an\u0101s ce\u013cojum\u0101 tuv\u0101k pie sevis, kur\u0101 ieskat\u012bties sev\u012b v\u0113l dzi\u013c\u0101k \u2013 uz liet\u0101m, emocij\u0101m, cilv\u0113kiem, notikumiem vai v\u0101rdiem m\u016bsu dz\u012bv\u0113s, kas paliku\u0161i nepateikti, ko sev\u012b, iesp\u0113jams, noklus\u0113jam, un tas ne\u013cauj mums virz\u012bties uz priek\u0161u. Nosl\u0113guma koncert\u0101 uzst\u0101sies ar\u012b Rihards Za\u013cupe, un b\u016bs ar\u012b citi p\u0101rsteigumi.<\/p>\n<p><img decoding=\"async\" src=\"https:\/\/www.europesays.com\/lv\/wp-content\/uploads\/2025\/10\/f5e5edf2e3ba30ac1abc4265a237324c.png\" title=\"Foto: ekr\u0101nuz\u0146\u0113mums no 1188play\" alt=\"Foto: ekr\u0101nuz\u0146\u0113mums no 1188play\"\/><\/p>\n<p class=\"article-img-desc\">Foto: ekr\u0101nuz\u0146\u0113mums no 1188play<\/p>\n","protected":false},"excerpt":{"rendered":"Ceturtdien, 16. oktobr\u012b, dzied\u0101t\u0101ja Samanta T\u012bna klaus\u012bt\u0101jiem pied\u0101v\u0101 savu l\u012bdz \u0161im vispersonisk\u0101ko un muzik\u0101li neparast\u0101ko darbu \u2013 albumu&hellip;\n","protected":false},"author":2,"featured_media":22560,"comment_status":"","ping_status":"","sticky":false,"template":"","format":"standard","meta":{"footnotes":""},"categories":[19],"tags":[129,7106,2239,89,90,35,39,38,36,37,34,40,2240,7107,2241,7108],"class_list":{"0":"post-22559","1":"post","2":"type-post","3":"status-publish","4":"format-standard","5":"has-post-thumbnail","7":"category-izklaide","8":"tag-__typenameadvicekeyword","9":"tag-id238","10":"tag-id93","11":"tag-entertainment","12":"tag-izklaide","13":"tag-latvia","14":"tag-latvian","15":"tag-latviesu","16":"tag-latviesu-valoda","17":"tag-latviesuvaloda","18":"tag-latvija","19":"tag-lv","20":"tag-slugmusic","21":"tag-slugsamanta-tina","22":"tag-titlemusic","23":"tag-titlesamanta-tina"},"share_on_mastodon":{"url":"","error":""},"_links":{"self":[{"href":"https:\/\/www.europesays.com\/lv\/wp-json\/wp\/v2\/posts\/22559","targetHints":{"allow":["GET"]}}],"collection":[{"href":"https:\/\/www.europesays.com\/lv\/wp-json\/wp\/v2\/posts"}],"about":[{"href":"https:\/\/www.europesays.com\/lv\/wp-json\/wp\/v2\/types\/post"}],"author":[{"embeddable":true,"href":"https:\/\/www.europesays.com\/lv\/wp-json\/wp\/v2\/users\/2"}],"replies":[{"embeddable":true,"href":"https:\/\/www.europesays.com\/lv\/wp-json\/wp\/v2\/comments?post=22559"}],"version-history":[{"count":0,"href":"https:\/\/www.europesays.com\/lv\/wp-json\/wp\/v2\/posts\/22559\/revisions"}],"wp:featuredmedia":[{"embeddable":true,"href":"https:\/\/www.europesays.com\/lv\/wp-json\/wp\/v2\/media\/22560"}],"wp:attachment":[{"href":"https:\/\/www.europesays.com\/lv\/wp-json\/wp\/v2\/media?parent=22559"}],"wp:term":[{"taxonomy":"category","embeddable":true,"href":"https:\/\/www.europesays.com\/lv\/wp-json\/wp\/v2\/categories?post=22559"},{"taxonomy":"post_tag","embeddable":true,"href":"https:\/\/www.europesays.com\/lv\/wp-json\/wp\/v2\/tags?post=22559"}],"curies":[{"name":"wp","href":"https:\/\/api.w.org\/{rel}","templated":true}]}}