{"id":22569,"date":"2025-10-16T13:16:15","date_gmt":"2025-10-16T13:16:15","guid":{"rendered":"https:\/\/www.europesays.com\/lv\/22569\/"},"modified":"2025-10-16T13:16:15","modified_gmt":"2025-10-16T13:16:15","slug":"indija-vairs-negrib-pirkt-naftu-no-krievijas-pazino-tramps","status":"publish","type":"post","link":"https:\/\/www.europesays.com\/lv\/22569\/","title":{"rendered":"Indija vairs negrib pirkt naftu no Krievijas, pazi\u0146o Tramps"},"content":{"rendered":"<p>&#8220;Es biju neapmierin\u0101ts ar to, ka <a href=\"https:\/\/www.tvnet.lv\/term\/555467\/indija\" class=\"topicLink\" target=\"_blank\" rel=\"nofollow noopener\">Indija<\/a> pirka [Krievijas] naftu, un [Indijas premjerministrs Narendra Modi] man \u0161odien apliecin\u0101ja, ka vi\u0146i nepirks naftu no Krievijas,&#8221; Baltaj\u0101 nam\u0101 pazi\u0146oja Tramps.<\/p>\n<p><a href=\"https:\/\/www.tvnet.lv\/term\/555410\/asv\" class=\"topicLink\" target=\"_blank\" rel=\"nofollow noopener\">ASV<\/a> august\u0101 noteica lielus muitas tarifus Indijai par to, ka \u0161\u012b valsts p\u0113rk energoresursus no Krievijas. ASV grib pan\u0101kt \u0161\u012bs tirdzniec\u012bbas aptur\u0113\u0161anu, lai ekonomiski v\u0101jin\u0101tu Krieviju un ietekm\u0113tu Maskavas sp\u0113jas finans\u0113t karu pret Ukrainu.<\/p>\n<p><a href=\"https:\/\/www.tvnet.lv\/term\/555452\/krievija\" class=\"topicLink\" target=\"_blank\" rel=\"nofollow noopener\">Krievija<\/a> ir atkar\u012bga no naftas un g\u0101zes ie\u0146\u0113mumiem, kas ir svar\u012bgs avots kara finans\u0113\u0161anai, kur\u0161 piln\u0101 m\u0113rog\u0101 notiek jau tr\u012bsarpus gadus.<\/p>\n<p>Tramps sac\u012bja, ka Indijas l\u0113mums izbeigt naftas pirk\u0161anu no Krievijas ir svar\u012bgs solis un &#8220;process dr\u012bz tiks pabeigts&#8221;. &#8220;Tagad man j\u0101pan\u0101k, lai to pa\u0161u izdar\u012btu \u0136\u012bna,&#8221; vi\u0146\u0161 piebilda.<\/p>\n<p>Indija ir vien\u012bg\u0101 Krievijas tirdzniec\u012bbas partnere, pret kuru v\u0113l tiek v\u0113rstas ASV sankcijas saist\u012bb\u0101 ar karu Ukrain\u0101. ASV noteica 25% papildu tarifu Indijas prec\u0113m, m\u0113\u0123inot pan\u0101kt, lai Krievija iesaist\u012btos sarun\u0101s par kara izbeig\u0161anu.<\/p>\n<p>Tramps p\u0113d\u0113j\u0101s ned\u0113\u013c\u0101s ir pie\u0146\u0113mis labv\u0113l\u012bg\u0101ku attieksmi pret Indiju un sac\u012bjis, ka vi\u0146\u0161 ats\u0101ks sarunas ar \u0161o valsti par tirdzniec\u012bbas attiec\u012bb\u0101m. Vi\u0146\u0161 ar\u012b nosaucis Modi par &#8220;\u013coti labu draugu&#8221;.<\/p>\n","protected":false},"excerpt":{"rendered":"&#8220;Es biju neapmierin\u0101ts ar to, ka Indija pirka [Krievijas] naftu, un [Indijas premjerministrs Narendra Modi] man \u0161odien apliecin\u0101ja,&hellip;\n","protected":false},"author":2,"featured_media":22570,"comment_status":"","ping_status":"","sticky":false,"template":"","format":"standard","meta":{"footnotes":""},"categories":[14],"tags":[23,57,292,28,29,542,781,32,33,22,4098,234,74,30,31,35,39,38,36,37,34,40,20,26,27,24,25,54,55,56,21,58],"class_list":{"0":"post-22569","1":"post","2":"type-post","3":"status-publish","4":"format-standard","5":"has-post-thumbnail","7":"category-zinas-no-arvalstim","8":"tag-aktualitates","9":"tag-arvalstim","10":"tag-asv","11":"tag-breaking-news","12":"tag-breakingnews","13":"tag-donalds-tramps","14":"tag-energetika","15":"tag-featured-news","16":"tag-featurednews","17":"tag-headlines","18":"tag-indija","19":"tag-krievija","20":"tag-krievijas-iebrukums-ukraina","21":"tag-latest-news","22":"tag-latestnews","23":"tag-latvia","24":"tag-latvian","25":"tag-latviesu","26":"tag-latviesu-valoda","27":"tag-latviesuvaloda","28":"tag-latvija","29":"tag-lv","30":"tag-news","31":"tag-popularakas-zinas","32":"tag-popularakaszinas","33":"tag-top-stories","34":"tag-topstories","35":"tag-world","36":"tag-world-news","37":"tag-worldnews","38":"tag-zinas","39":"tag-zinas-no-arvalstim"},"share_on_mastodon":{"url":"","error":""},"_links":{"self":[{"href":"https:\/\/www.europesays.com\/lv\/wp-json\/wp\/v2\/posts\/22569","targetHints":{"allow":["GET"]}}],"collection":[{"href":"https:\/\/www.europesays.com\/lv\/wp-json\/wp\/v2\/posts"}],"about":[{"href":"https:\/\/www.europesays.com\/lv\/wp-json\/wp\/v2\/types\/post"}],"author":[{"embeddable":true,"href":"https:\/\/www.europesays.com\/lv\/wp-json\/wp\/v2\/users\/2"}],"replies":[{"embeddable":true,"href":"https:\/\/www.europesays.com\/lv\/wp-json\/wp\/v2\/comments?post=22569"}],"version-history":[{"count":0,"href":"https:\/\/www.europesays.com\/lv\/wp-json\/wp\/v2\/posts\/22569\/revisions"}],"wp:featuredmedia":[{"embeddable":true,"href":"https:\/\/www.europesays.com\/lv\/wp-json\/wp\/v2\/media\/22570"}],"wp:attachment":[{"href":"https:\/\/www.europesays.com\/lv\/wp-json\/wp\/v2\/media?parent=22569"}],"wp:term":[{"taxonomy":"category","embeddable":true,"href":"https:\/\/www.europesays.com\/lv\/wp-json\/wp\/v2\/categories?post=22569"},{"taxonomy":"post_tag","embeddable":true,"href":"https:\/\/www.europesays.com\/lv\/wp-json\/wp\/v2\/tags?post=22569"}],"curies":[{"name":"wp","href":"https:\/\/api.w.org\/{rel}","templated":true}]}}