{"id":22575,"date":"2025-10-16T13:23:10","date_gmt":"2025-10-16T13:23:10","guid":{"rendered":"https:\/\/www.europesays.com\/lv\/22575\/"},"modified":"2025-10-16T13:23:10","modified_gmt":"2025-10-16T13:23:10","slug":"uz-valmieras-sosejas-tumsa-autobuss-navejosi-sabrauc-gajeju","status":"publish","type":"post","link":"https:\/\/www.europesays.com\/lv\/22575\/","title":{"rendered":"Uz Valmieras \u0161osejas tums\u0101 autobuss n\u0101v\u0113jo\u0161i sabrauc g\u0101j\u0113ju"},"content":{"rendered":"<p>Tre\u0161dienas vakar\u0101 uz Valmieras \u0161osejas n\u0101v\u0113jo\u0161i sabraukts g\u0101j\u0113js, inform\u0113 Valsts policij\u0101.<\/p>\n<p>Let\u0101lais ce\u013cu satiksmes negad\u012bjums noticis ap plkst. 20 Valmieras \u0161osejas 65. kilometr\u0101, kur v\u012brietis, vadot autobusu &#8220;Volvo&#8221;, uzbraucis g\u0101j\u0113jam, kur\u0161 \u0161\u0137\u0113rsojis ce\u013cu. Negad\u012bjuma rezult\u0101t\u0101 g\u0101j\u0113js miris. Par notiku\u0161o s\u0101kts krimin\u0101lprocess.<\/p>\n<p>Aizvad\u012btaj\u0101 diennakt\u012b Latvij\u0101 re\u0123istr\u0113ti se\u0161i ce\u013cu satiksmes negad\u012bjumi ar cietu\u0161ajiem, kuros traumas guvu\u0161i kopskait\u0101 se\u0161i cilv\u0113ki, tostarp tr\u012bs g\u0101j\u0113ji un divi velosip\u0113disti, bet vien\u0101 &#8211; jau min\u0113taj\u0101 av\u0101rij\u0101 &#8211; ir boj\u0101g\u0101ju\u0161ais.<\/p>\n<p>Valsts policija aizvad\u012btaj\u0101 diennakt\u012b konstat\u0113jusi \u010detrus transportl\u012bdzek\u013cu vad\u012bt\u0101jus, kuri pie st\u016bres bija s\u0113du\u0161ies alkohola reibum\u0101, un vienu \u0161oferi narkotisko vielu iespaid\u0101. Par trim no \u0161iem gad\u012bjumiem s\u0101kti krimin\u0101lprocesi, bet par diviem &#8211; administrat\u012bv\u0101 p\u0101rk\u0101puma lietas.<\/p>\n<p>V\u0113l 24 stundu laik\u0101 konstat\u0113ti 208 gad\u012bjumi, kuros vad\u012bt\u0101ji p\u0101rsniegu\u0161i at\u013cauto brauk\u0161anas \u0101trumu, k\u0101 ar\u012b pie\u0137erti \u010detri agres\u012bvi brauc\u0113ji, liecina policijas apkopot\u0101 statistika.<\/p>\n","protected":false},"excerpt":{"rendered":"Tre\u0161dienas vakar\u0101 uz Valmieras \u0161osejas n\u0101v\u0113jo\u0161i sabraukts g\u0101j\u0113js, inform\u0113 Valsts policij\u0101. Let\u0101lais ce\u013cu satiksmes negad\u012bjums noticis ap plkst.&hellip;\n","protected":false},"author":2,"featured_media":22576,"comment_status":"","ping_status":"","sticky":false,"template":"","format":"standard","meta":{"footnotes":""},"categories":[12],"tags":[129,5984,1538,7111,23,28,29,32,33,22,30,31,35,39,38,36,37,34,40,20,26,27,7112,1539,5985,7113,1540,5986,24,25,21],"class_list":{"0":"post-22575","1":"post","2":"type-post","3":"status-publish","4":"format-standard","5":"has-post-thumbnail","7":"category-latvija","8":"tag-__typenameadvicekeyword","9":"tag-id560","10":"tag-id652","11":"tag-id713","12":"tag-aktualitates","13":"tag-breaking-news","14":"tag-breakingnews","15":"tag-featured-news","16":"tag-featurednews","17":"tag-headlines","18":"tag-latest-news","19":"tag-latestnews","20":"tag-latvia","21":"tag-latvian","22":"tag-latviesu","23":"tag-latviesu-valoda","24":"tag-latviesuvaloda","25":"tag-latvija","26":"tag-lv","27":"tag-news","28":"tag-popularakas-zinas","29":"tag-popularakaszinas","30":"tag-slugautobuss","31":"tag-slugavarija","32":"tag-slugvalmiera","33":"tag-titleautobuss","34":"tag-titleavarija","35":"tag-titlevalmiera","36":"tag-top-stories","37":"tag-topstories","38":"tag-zinas"},"share_on_mastodon":{"url":"","error":""},"_links":{"self":[{"href":"https:\/\/www.europesays.com\/lv\/wp-json\/wp\/v2\/posts\/22575","targetHints":{"allow":["GET"]}}],"collection":[{"href":"https:\/\/www.europesays.com\/lv\/wp-json\/wp\/v2\/posts"}],"about":[{"href":"https:\/\/www.europesays.com\/lv\/wp-json\/wp\/v2\/types\/post"}],"author":[{"embeddable":true,"href":"https:\/\/www.europesays.com\/lv\/wp-json\/wp\/v2\/users\/2"}],"replies":[{"embeddable":true,"href":"https:\/\/www.europesays.com\/lv\/wp-json\/wp\/v2\/comments?post=22575"}],"version-history":[{"count":0,"href":"https:\/\/www.europesays.com\/lv\/wp-json\/wp\/v2\/posts\/22575\/revisions"}],"wp:featuredmedia":[{"embeddable":true,"href":"https:\/\/www.europesays.com\/lv\/wp-json\/wp\/v2\/media\/22576"}],"wp:attachment":[{"href":"https:\/\/www.europesays.com\/lv\/wp-json\/wp\/v2\/media?parent=22575"}],"wp:term":[{"taxonomy":"category","embeddable":true,"href":"https:\/\/www.europesays.com\/lv\/wp-json\/wp\/v2\/categories?post=22575"},{"taxonomy":"post_tag","embeddable":true,"href":"https:\/\/www.europesays.com\/lv\/wp-json\/wp\/v2\/tags?post=22575"}],"curies":[{"name":"wp","href":"https:\/\/api.w.org\/{rel}","templated":true}]}}