{"id":225756,"date":"2026-06-13T13:56:11","date_gmt":"2026-06-13T13:56:11","guid":{"rendered":"https:\/\/www.europesays.com\/lv\/225756\/"},"modified":"2026-06-13T13:56:11","modified_gmt":"2026-06-13T13:56:11","slug":"latvijas-tenisisti-deivisa-kausa-turniru-nosledz-ar-zaudejumu","status":"publish","type":"post","link":"https:\/\/www.europesays.com\/lv\/225756\/","title":{"rendered":"Latvijas tenisisti Deivisa kausa turn\u012bru nosl\u0113dz ar zaud\u0113jumu"},"content":{"rendered":"<p>Latvija ar 0-2 zaud\u0113ja m\u0101jiniecei Moldovai.<\/p>\n<p>Due\u013ca pirmaj\u0101 ma\u010d\u0101 Rihards Neimanis, kur\u0161 pasaules rang\u0101 ie\u0146em 1624. vietu, ar rezult\u0101tu 4-6, 5-7 zaud\u0113ja Ilijam Snitari (ATP 902.). Otraj\u0101 sp\u0113l\u0113 Latvijas pirm\u0101 rakete Roberts \u0160trombahs (ATP 455.) ar 3-6, 2-6 piek\u0101p\u0101s Radu Albotam, kur\u0161 rang\u0101 ir piecas vietas augst\u0101k, ta\u010du savulaik bijis ar\u012b 39. poz\u012bcij\u0101.<\/p>\n<p>Jau zi\u0146ots, ka Latvijas izlase Moldov\u0101 notieko\u0161\u0101 Eiropas tre\u0161\u0101s grupas turn\u012bra pirmaj\u0101 duel\u012b ar 3-0 pieveica Azerbaid\u017e\u0101nu, otraj\u0101 c\u012b\u0146\u0101 ar 2-1 p\u0101rsp\u0113ja Melnkalni, bet tre\u0161aj\u0101 ar 2-0 guva virsroku p\u0101r \u012ariju.<\/p>\n<p>Eiropas zonas tr\u012bs lab\u0101k\u0101s valstis iek\u013c\u016bs 2027. gada Pasaules otr\u0101s grupas izsl\u0113g\u0161anas sp\u0113l\u0113s, bet p\u0113d\u0113j\u0101s divas valstis izkrit\u012bs uz 2027. gada ceturto grupu.<\/p>\n<p>Sp\u0113les notiek m\u0101la seguma laukumos.<\/p>\n<p>Febru\u0101r\u012b Latvijas tenisisti Pasaules otr\u0101s grupas &#8220;play-off&#8221; duel\u012b zaud\u0113ja Dominik\u0101nai un atk\u0101p\u0101s uz Eiropas tre\u0161o grupu.<\/p>\n<p><a href=\"https:\/\/www.apollo.lv\/term\/558096\/deivisa-kauss\" class=\"topicLink\" target=\"_blank\" rel=\"nofollow noopener\">Deivisa kauss<\/a> ir galven\u0101s tenisa sacens\u012bbas v\u012brie\u0161u izlas\u0113m, ko kop\u0161 1900. gada organiz\u0113 Starptautisk\u0101 Tenisa feder\u0101cija (ITF). S\u0101kotn\u0113ji t\u0101s bija sacens\u012bbas starp ASV un Lielbrit\u0101nijas izlas\u0113m, bet patlaban t\u0101s ir liel\u0101k\u0101s ikgad\u0113j\u0101s starptautisk\u0101s komandu sacens\u012bbas. Latvijas izlase \u0161aj\u0101 turn\u012br\u0101 piedal\u0101s kop\u0161 1993. gada.<\/p>\n","protected":false},"excerpt":{"rendered":"Latvija ar 0-2 zaud\u0113ja m\u0101jiniecei Moldovai. Due\u013ca pirmaj\u0101 ma\u010d\u0101 Rihards Neimanis, kur\u0161 pasaules rang\u0101 ie\u0146em 1624. vietu, ar&hellip;\n","protected":false},"author":2,"featured_media":225757,"comment_status":"","ping_status":"","sticky":false,"template":"","format":"standard","meta":{"footnotes":"","_share_on_mastodon":"0"},"categories":[5],"tags":[23,28,29,1544,32,33,22,30,31,35,39,38,36,37,34,40,1453,20,26,27,683,24,25,1512,21],"class_list":["post-225756","post","type-post","status-publish","format-standard","has-post-thumbnail","category-aktualitates","tag-aktualitates","tag-breaking-news","tag-breakingnews","tag-deivisa-kauss","tag-featured-news","tag-featurednews","tag-headlines","tag-latest-news","tag-latestnews","tag-latvia","tag-latvian","tag-latviesu","tag-latviesu-valoda","tag-latviesuvaloda","tag-latvija","tag-lv","tag-moldova","tag-news","tag-popularakas-zinas","tag-popularakaszinas","tag-teniss","tag-top-stories","tag-topstories","tag-viriesu-teniss","tag-zinas"],"share_on_mastodon":{"url":"https:\/\/pubeurope.com\/@lv\/116743148989863006","error":""},"_links":{"self":[{"href":"https:\/\/www.europesays.com\/lv\/wp-json\/wp\/v2\/posts\/225756","targetHints":{"allow":["GET"]}}],"collection":[{"href":"https:\/\/www.europesays.com\/lv\/wp-json\/wp\/v2\/posts"}],"about":[{"href":"https:\/\/www.europesays.com\/lv\/wp-json\/wp\/v2\/types\/post"}],"author":[{"embeddable":true,"href":"https:\/\/www.europesays.com\/lv\/wp-json\/wp\/v2\/users\/2"}],"replies":[{"embeddable":true,"href":"https:\/\/www.europesays.com\/lv\/wp-json\/wp\/v2\/comments?post=225756"}],"version-history":[{"count":0,"href":"https:\/\/www.europesays.com\/lv\/wp-json\/wp\/v2\/posts\/225756\/revisions"}],"wp:featuredmedia":[{"embeddable":true,"href":"https:\/\/www.europesays.com\/lv\/wp-json\/wp\/v2\/media\/225757"}],"wp:attachment":[{"href":"https:\/\/www.europesays.com\/lv\/wp-json\/wp\/v2\/media?parent=225756"}],"wp:term":[{"taxonomy":"category","embeddable":true,"href":"https:\/\/www.europesays.com\/lv\/wp-json\/wp\/v2\/categories?post=225756"},{"taxonomy":"post_tag","embeddable":true,"href":"https:\/\/www.europesays.com\/lv\/wp-json\/wp\/v2\/tags?post=225756"}],"curies":[{"name":"wp","href":"https:\/\/api.w.org\/{rel}","templated":true}]}}