{"id":225777,"date":"2026-06-13T14:22:15","date_gmt":"2026-06-13T14:22:15","guid":{"rendered":"https:\/\/www.europesays.com\/lv\/225777\/"},"modified":"2026-06-13T14:22:15","modified_gmt":"2026-06-13T14:22:15","slug":"video-%e2%9f%a9-sautrinu-meteji-razma-un-melderis-pirmo-reizi-sasniedz-pasaules-kausa-ceturtdalfinalu","status":"publish","type":"post","link":"https:\/\/www.europesays.com\/lv\/225777\/","title":{"rendered":"VIDEO \u27e9 \u0160autri\u0146u met\u0113ji Razma un Melderis pirmo reizi sasniedz Pasaules kausa ceturtda\u013cfin\u0101lu"},"content":{"rendered":"<p>Latvija, kas izs\u0113ta ar 14. numuru, c\u012b\u0146\u0101 l\u012bdz asto\u0146iem uzvar\u0113tiem legiem ar rezult\u0101tu 8-7 p\u0101rsp\u0113ja Franciju.<\/p>\n<p>C\u012b\u0146a par uzvaru norisin\u0101j\u0101s l\u012bdz p\u0113d\u0113jam legam, kur\u0101 Razmam ar vienu metienu bija iesp\u0113ja nosl\u0113gt ma\u010du, nodz\u0113\u0161ot 36 punktus. Tr\u0101p\u012bt dubultaj\u0101 18 punktu lauci\u0146\u0101 neizdev\u0101s, t\u0101 viet\u0101 \u0161autri\u0146ai tr\u0101pot dubultaj\u0101 \u010detru punktu lauci\u0146\u0101. N\u0101kamais metiens dubultaj\u0101 14 punktu lauci\u0146\u0101 bija prec\u012bzs un latvie\u0161i izc\u012bn\u012bja uzvaru.<\/p>\n<p>Latvijas duets vid\u0113ji pieg\u0101jien\u0101 guva 79,53 punktus un nosl\u0113dzo\u0161os metienus izpild\u012bja ar 44,44% precizit\u0101ti, Razmam izpildot ar\u012b vienu 180 punktu g\u0101jienu. Franc\u016b\u017ei vid\u0113ji pieg\u0101jien\u0101 guva 77,80 punktus, izc\u0113l\u0101s ar \u010detriem 180 punktu g\u0101jieniem un nosl\u0113dzo\u0161os metienus izpild\u012bja ar 26,92% precizit\u0101ti.<\/p>\n<p>Ceturtda\u013cfin\u0101l\u0101 Latvijas dueta pretinieki b\u016bs Zieme\u013c\u012brijas vai Be\u013c\u0123ijas \u0161autri\u0146u met\u0113ji.<\/p>\n<p>Apak\u0161grup\u0101 Latvija ar 4-2 uzvar\u0113ja It\u0101liju un ar 3-4 zaud\u0113ja Trinidadai un Tobago. Vis\u0101m trim komand\u0101m bija pa vienai uzvarai divos due\u013cos, bet latvie\u0161iem bija lab\u0101ka uzvar\u0113to un zaud\u0113to legu starp\u012bba.<\/p>\n<p>Anglija, N\u012bderlande, Skotija un Zieme\u013c\u012brija jau nodro\u0161in\u0101ju\u0161as vietu otraj\u0101 k\u0101rt\u0101, bet p\u0101r\u0113j\u0101s 36 izlases sadal\u012bja v\u0113l 12 ce\u013caz\u012bmes uz n\u0101kamo k\u0101rtu. No 12 apak\u0161grup\u0101m otraj\u0101 k\u0101rt\u0101 iek\u013cuva tikai pirmo vietu ieguv\u0113jas.<\/p>\n<p>Pasaules kauss norisin\u0101sies l\u012bdz \u0161\u012bs ned\u0113\u013cas beig\u0101m. Turn\u012bra kop\u0113jais balvu fonds ir 500 000 Lielbrit\u0101nijas m\u0101rci\u0146u.<\/p>\n<p>P\u0113rn latvie\u0161i piedz\u012bvoja divus zaud\u0113jumus un neizk\u013cuva no grupas, bet par \u010dempioniem k\u013cuva Zieme\u013c\u012brijas \u0161autri\u0146u met\u0113ji D\u017eo\u0161s Roks un Derils G\u0113rnijs.<\/p>\n","protected":false},"excerpt":{"rendered":"Latvija, kas izs\u0113ta ar 14. numuru, c\u012b\u0146\u0101 l\u012bdz asto\u0146iem uzvar\u0113tiem legiem ar rezult\u0101tu 8-7 p\u0101rsp\u0113ja Franciju. C\u012b\u0146a par&hellip;\n","protected":false},"author":2,"featured_media":225778,"comment_status":"","ping_status":"","sticky":false,"template":"","format":"standard","meta":{"footnotes":"","_share_on_mastodon":"0"},"categories":[17],"tags":[35,39,38,36,37,34,40,18811,18810,67],"class_list":["post-225777","post","type-post","status-publish","format-standard","has-post-thumbnail","category-sports","tag-latvia","tag-latvian","tag-latviesu","tag-latviesu-valoda","tag-latviesuvaloda","tag-latvija","tag-lv","tag-madars-razma","tag-sautrinmesana","tag-sports"],"share_on_mastodon":{"url":"https:\/\/pubeurope.com\/@lv\/116743251047631762","error":""},"_links":{"self":[{"href":"https:\/\/www.europesays.com\/lv\/wp-json\/wp\/v2\/posts\/225777","targetHints":{"allow":["GET"]}}],"collection":[{"href":"https:\/\/www.europesays.com\/lv\/wp-json\/wp\/v2\/posts"}],"about":[{"href":"https:\/\/www.europesays.com\/lv\/wp-json\/wp\/v2\/types\/post"}],"author":[{"embeddable":true,"href":"https:\/\/www.europesays.com\/lv\/wp-json\/wp\/v2\/users\/2"}],"replies":[{"embeddable":true,"href":"https:\/\/www.europesays.com\/lv\/wp-json\/wp\/v2\/comments?post=225777"}],"version-history":[{"count":0,"href":"https:\/\/www.europesays.com\/lv\/wp-json\/wp\/v2\/posts\/225777\/revisions"}],"wp:featuredmedia":[{"embeddable":true,"href":"https:\/\/www.europesays.com\/lv\/wp-json\/wp\/v2\/media\/225778"}],"wp:attachment":[{"href":"https:\/\/www.europesays.com\/lv\/wp-json\/wp\/v2\/media?parent=225777"}],"wp:term":[{"taxonomy":"category","embeddable":true,"href":"https:\/\/www.europesays.com\/lv\/wp-json\/wp\/v2\/categories?post=225777"},{"taxonomy":"post_tag","embeddable":true,"href":"https:\/\/www.europesays.com\/lv\/wp-json\/wp\/v2\/tags?post=225777"}],"curies":[{"name":"wp","href":"https:\/\/api.w.org\/{rel}","templated":true}]}}