{"id":225958,"date":"2026-06-13T18:53:11","date_gmt":"2026-06-13T18:53:11","guid":{"rendered":"https:\/\/www.europesays.com\/lv\/225958\/"},"modified":"2026-06-13T18:53:11","modified_gmt":"2026-06-13T18:53:11","slug":"latvijas-sautrinu-meteji-razma-un-melderis-pirmo-reizi-sasniedz-pasaules-kausa-ceturtdalfinalu-delfi","status":"publish","type":"post","link":"https:\/\/www.europesays.com\/lv\/225958\/","title":{"rendered":"Latvijas \u0161autri\u0146u met\u0113ji Razma un Melderis pirmo reizi sasniedz Pasaules kausa ceturtda\u013cfin\u0101lu &#8211; Delfi"},"content":{"rendered":"<ol>\n<li><a href=\"https:\/\/news.google.com\/rss\/articles\/CBMi4AFBVV95cUxQTllXdWFKSmRGN0Q1Tlc1MEViRGRFdFZhOWpMbUl6UUVhbGZjQUVlYTc2OUVWUUY5cVBHcGs2NGloRGdYWGJVSXZCZnVYc1JvbUdnaXpnX3BCMGRlUDNDZE4yTEdnVlB0bU5sZ3E4YjI3SThUbktHU3dTbXVJcnJsMVlwcVJ4aDRWN2RFZm5PbXhLcjR0NncxOFBvOXpQX2NkTWhaS0NaaEliV0d0RWJvOEUtY3NWajJlVjFGc2JFRVJ1dFl4QnVOc2JsdVVPRzhDZVcyYlhxODBvS3VESmVYQw?oc=5\" target=\"_blank\" rel=\"nofollow noopener\">Latvijas \u0161autri\u0146u met\u0113ji Razma un Melderis pirmo reizi sasniedz Pasaules kausa ceturtda\u013cfin\u0101lu<\/a>&nbsp;&nbsp;Delfi<\/li>\n<li><a href=\"https:\/\/news.google.com\/rss\/articles\/CBMiogFBVV95cUxNY3RMYy1qWVdBdnVHNnpHZmN3TlBZQlhySFU2TG9tVTlZblNVU2Z1TWZfMGF4OUpOSVhGR1h5TkwzRDdsQXJYcUhvMGhDRGVaZXBNVW83YS1tRHJCdURQVmFFa1Y2UTNCYlhfcnRKY2NDQ2U4RkU3QkRIa2syUDdzbTJiVWk0Vlc3QjRETkl2OHFiYmlwd1h2RjhkaVFTblNjM3c?oc=5\" target=\"_blank\" rel=\"nofollow noopener\">Latvijas \u0161autri\u0146u met\u0113ji iek\u013c\u016bst Pasaules kausa astotda\u013cfin\u0101l\u0101<\/a>&nbsp;&nbsp;Jauns.lv<\/li>\n<li><a href=\"https:\/\/news.google.com\/rss\/articles\/CBMiiAFBVV95cUxOODNiZFg5X0NHZmI0S3FSNmNlNjJ5bjlFOUx1aTBpTnhjM1l5OXJadGhjTHNLSTBtTnh4bGx1ZExrdEFrb2U3WThxbHZEZ3B3STRHQUlYbGFueVV2MjE2R0ZaUzdjVHBQVTBlb0tKMVVCTTFMaUhTV2RQSW9vUVhlLUhXc0N2Unkz?oc=5\" target=\"_blank\" rel=\"nofollow noopener\">Latvijas \u0161autri\u0146u met\u0113ji Razma un Melderis ar uzvaru s\u0101k Pasaules kausa izc\u012b\u0146u \u2013 Citi sporta veidi<\/a>&nbsp;&nbsp;Sportacentrs.com<\/li>\n<li><a href=\"https:\/\/news.google.com\/rss\/articles\/CBMi2gFBVV95cUxPX2gyVXlLZkZobm83NnU1Q3ZaQVRGd0I5NW5DamhXT1MzcFFpM213TUwyNHNyVC1JdkkxQW05QURhdTJkdkVYSFlTanh6OG1Xc0Nra0gyaGYzN2gtQlpjRi1oMmxsQk9qTloteUk3c0pVZXRtZDZWdjU1SjRYUjk5MTBIVkI2TEdVN25WRW9xNDhpSVQwY05zbDJzaExFYThjUWVLcEJmdEVQbjdSaF95Ymd1RTJNYVFIaF9wb3hZNDN4MXVCLTgzSHFhRHU4clV0SHUzZ3UtZmM1UQ?oc=5\" target=\"_blank\" rel=\"nofollow noopener\">Latvijas \u0161autri\u0146u met\u0113ji zaud\u0113 Trinidadai un Tobago, tom\u0113r nodro\u0161ina vietu Pasaules kausa 1\/8 fin\u0101l\u0101<\/a>&nbsp;&nbsp;Lente.lv<\/li>\n<li><a href=\"https:\/\/news.google.com\/rss\/articles\/CBMiqgFBVV95cUxQWkVnellnVzRQdGVya2hmbEFBT2F4cHdwTUtma2RMamp5Z2lLVlV1b3NhSUN0Vk9uZGRqUUdncVNPMVlkR3AzSVVzVWtXdlpicThKX0lRbGd0bFV0MnVmUHhxbTc5YW1oXzhCUUJPUmZFZkZHZDF3TTJPY3d1LWhXa3ZEaUFnOEFTVHpIOUx1Y0MwMlhuWGJicXlZNFhldDMyQjVSX2xvT2x3QQ?oc=5\" target=\"_blank\" rel=\"nofollow noopener\">Latvijas \u0161autri\u0146u met\u0113ji Razma un Melderis \u0161oned\u0113\u013c sacent\u012bsies Pasaules kaus\u0101<\/a>&nbsp;&nbsp;Sportazinas.com<\/li>\n<\/ol>\n","protected":false},"excerpt":{"rendered":"Latvijas \u0161autri\u0146u met\u0113ji Razma un Melderis pirmo reizi sasniedz Pasaules kausa ceturtda\u013cfin\u0101lu&nbsp;&nbsp;Delfi Latvijas \u0161autri\u0146u met\u0113ji iek\u013c\u016bst Pasaules kausa&hellip;\n","protected":false},"author":2,"featured_media":225959,"comment_status":"","ping_status":"","sticky":false,"template":"","format":"standard","meta":{"footnotes":"","_share_on_mastodon":"0"},"categories":[17],"tags":[35,39,38,36,37,34,40,18811,19157,67],"class_list":["post-225958","post","type-post","status-publish","format-standard","has-post-thumbnail","category-sports","tag-latvia","tag-latvian","tag-latviesu","tag-latviesu-valoda","tag-latviesuvaloda","tag-latvija","tag-lv","tag-madars-razma","tag-sautrinu-mesana","tag-sports"],"share_on_mastodon":{"url":"https:\/\/pubeurope.com\/@lv\/116744316784618487","error":""},"_links":{"self":[{"href":"https:\/\/www.europesays.com\/lv\/wp-json\/wp\/v2\/posts\/225958","targetHints":{"allow":["GET"]}}],"collection":[{"href":"https:\/\/www.europesays.com\/lv\/wp-json\/wp\/v2\/posts"}],"about":[{"href":"https:\/\/www.europesays.com\/lv\/wp-json\/wp\/v2\/types\/post"}],"author":[{"embeddable":true,"href":"https:\/\/www.europesays.com\/lv\/wp-json\/wp\/v2\/users\/2"}],"replies":[{"embeddable":true,"href":"https:\/\/www.europesays.com\/lv\/wp-json\/wp\/v2\/comments?post=225958"}],"version-history":[{"count":0,"href":"https:\/\/www.europesays.com\/lv\/wp-json\/wp\/v2\/posts\/225958\/revisions"}],"wp:featuredmedia":[{"embeddable":true,"href":"https:\/\/www.europesays.com\/lv\/wp-json\/wp\/v2\/media\/225959"}],"wp:attachment":[{"href":"https:\/\/www.europesays.com\/lv\/wp-json\/wp\/v2\/media?parent=225958"}],"wp:term":[{"taxonomy":"category","embeddable":true,"href":"https:\/\/www.europesays.com\/lv\/wp-json\/wp\/v2\/categories?post=225958"},{"taxonomy":"post_tag","embeddable":true,"href":"https:\/\/www.europesays.com\/lv\/wp-json\/wp\/v2\/tags?post=225958"}],"curies":[{"name":"wp","href":"https:\/\/api.w.org\/{rel}","templated":true}]}}