{"id":226000,"date":"2026-06-13T20:23:15","date_gmt":"2026-06-13T20:23:15","guid":{"rendered":"https:\/\/www.europesays.com\/lv\/226000\/"},"modified":"2026-06-13T20:23:15","modified_gmt":"2026-06-13T20:23:15","slug":"video-griekijas-basketbola-cempionats-nosledzas-ar-olympiacos-uzvaru-un-legionaru-kautinu-apollo-lv","status":"publish","type":"post","link":"https:\/\/www.europesays.com\/lv\/226000\/","title":{"rendered":"VIDEO Grie\u0137ijas basketbola \u010dempion\u0101ts nosl\u0113dzas ar &quot;Olympiacos&quot; uzvaru un le\u0123ion\u0101ru kauti\u0146u &#8211; Apollo.lv"},"content":{"rendered":"<ol>\n<li><a href=\"https:\/\/news.google.com\/rss\/articles\/CBMiuwFBVV95cUxOMDRjS1VPaDJTTloydVJxcnc4TmVKRkFrRFo0aFRBa25IUGJxTGJ4cjB4d3Y4VzM0c1lGR1Mtc0VsYmJEd0FvdWJjMUZxNmE1cllUVkdITnRHNFRNY1F1LTh1empCamxGM3dncXh4blpJamZxSHZkR2FfQi01MTNXQ1RqbjBvZWtGdzZ6RGNmSzZaLWZOQkJZRDVOd2xiTUhWYWVSVzd6akxOQVVVTTB5TFlfcEZwNTBmR0VF?oc=5\" target=\"_blank\" rel=\"nofollow noopener\">VIDEO Grie\u0137ijas basketbola \u010dempion\u0101ts nosl\u0113dzas ar &#8220;Olympiacos&#8221; uzvaru un le\u0123ion\u0101ru kauti\u0146u<\/a>&nbsp;&nbsp;Apollo.lv<\/li>\n<li><a href=\"https:\/\/news.google.com\/rss\/articles\/CBMijwFBVV95cUxPcVBxNGVJalBrZFJlczhQRjVLLS1vb0FwcUVTaEEwc09hZGZXRlNvMUVnc0hra3ViSHZNajk5M194SmN5LS1VdzZtdHlEd2cwZV92VkxVTXJhTklqMklIdmZrZUlWbVNtb3RjR3gwYmlybXExeVdMRFR1YzJZMHVnZW05WWJzWl9VMTVwU1lmRQ?oc=5\" target=\"_blank\" rel=\"nofollow noopener\">Furnj\u0113 galven\u0101 varo\u0146a st\u0101sts gan Eirol\u012bgas, gan nokait\u0113t\u0101 Grie\u0137ijas fin\u0101l\u0101 \u2013 Basketbols<\/a>&nbsp;&nbsp;Sportacentrs.com<\/li>\n<li><a href=\"https:\/\/news.google.com\/rss\/articles\/CBMiogFBVV95cUxQOF83OGVhbG41M2dWQ1l5M2JZc3dsdTJsRDBNc2IwTzlTVk85dW1FTmttdHFiNjBld2JUdy1ZWmNVbWNSQjBfZmdDZUIwZmN3djAyTDl4Z004TGhvMllqN01scDItQjlXdFZfa04tM1N5SW41SzVFVk9RUnJEempMNlRaRTRBMUhkak5JVVdCZUlfekdTaVNQeVV5aklnZ0czRWc?oc=5\" target=\"_blank\" rel=\"nofollow noopener\">Zvaigznes sakaujas p\u0113c &#8220;Olympiacos&#8221; triumfa Grie\u0137ijas \u010dempion\u0101t\u0101<\/a>&nbsp;&nbsp;Jauns.lv<\/li>\n<li><a href=\"https:\/\/news.google.com\/rss\/articles\/CBMirgFBVV95cUxQTnM0MFp1Y0pZUE9IbTBPQm1CX2dlQnk5bHlnSGdaVW9Md0sycUNubDl1TU5Ca2pwQVR5eUFKelh3UzFwX0htNTV5WlNld1hnQ3U4enR4NXZJc01mb3JlLThHbFEwcmNJR0pSSENqTFZVUFBMM2p2dmJRZEJLbmZ0a1Y0ekNBbTktemp6UDVudUhHdWVMajg2b3ZJa29XM05JMUZSb1VSR2JaMDd4ZkE?oc=5\" target=\"_blank\" rel=\"nofollow noopener\">Grie\u0137ij\u0101 \u201caizsvilstas\u201d amerik\u0101\u0146i \u2013 sezona nosl\u0113dzas ar \u201cOlympiacos\u201d triumfu un kauti\u0146u<\/a>&nbsp;&nbsp;Sportazinas.com<\/li>\n<li><a href=\"https:\/\/news.google.com\/rss\/articles\/CBMijwFBVV95cUxNaWZmNXVxM1d3Rmc4QXJ0djJKNjN5RlNBaU03Y0RmRU1YTE9mYlh3ckhiT1J2cmd5NHAxeHYzMnYzSU9nSmZmTkNrc0luNjZVeDl2T3FnTGFsd0F2aHJUaWpRbWRteC1jYTNMNWVGVVF2MXp5c19zOHBfaDhrNlN0WDRzS2FaSVVnZk1zdEktVQ?oc=5\" target=\"_blank\" rel=\"nofollow noopener\">&#8220;Panathinaikos&#8221; pan\u0101k fin\u0101la piekto kauju, Sp\u0101nij\u0101 235 punktu pusfin\u0101la c\u012b\u0146a, &#8220;Cibona&#8221; 21. Horv\u0101tijas tituls<\/a>&nbsp;&nbsp;Sportacentrs.com<\/li>\n<\/ol>\n","protected":false},"excerpt":{"rendered":"VIDEO Grie\u0137ijas basketbola \u010dempion\u0101ts nosl\u0113dzas ar &#8220;Olympiacos&#8221; uzvaru un le\u0123ion\u0101ru kauti\u0146u&nbsp;&nbsp;Apollo.lv Furnj\u0113 galven\u0101 varo\u0146a st\u0101sts gan Eirol\u012bgas, gan&hellip;\n","protected":false},"author":2,"featured_media":226001,"comment_status":"","ping_status":"","sticky":false,"template":"","format":"standard","meta":{"footnotes":"","_share_on_mastodon":"0"},"categories":[17],"tags":[65,1900,1901,1898,760,1899,90,1897,35,39,38,36,37,34,40,1896,67,1895,285,21],"class_list":["post-226000","post","type-post","status-publish","format-standard","has-post-thumbnail","category-sports","tag-auto","tag-brivbridis","tag-daba-un-dzivnieki","tag-galerijas","tag-horoskopi","tag-itech","tag-izklaide","tag-kriminalzinas","tag-latvia","tag-latvian","tag-latviesu","tag-latviesu-valoda","tag-latviesuvaloda","tag-latvija","tag-lv","tag-sieviete","tag-sports","tag-tava-balss","tag-zala-dzive","tag-zinas"],"share_on_mastodon":{"url":"https:\/\/pubeurope.com\/@lv\/116744670615770206","error":""},"_links":{"self":[{"href":"https:\/\/www.europesays.com\/lv\/wp-json\/wp\/v2\/posts\/226000","targetHints":{"allow":["GET"]}}],"collection":[{"href":"https:\/\/www.europesays.com\/lv\/wp-json\/wp\/v2\/posts"}],"about":[{"href":"https:\/\/www.europesays.com\/lv\/wp-json\/wp\/v2\/types\/post"}],"author":[{"embeddable":true,"href":"https:\/\/www.europesays.com\/lv\/wp-json\/wp\/v2\/users\/2"}],"replies":[{"embeddable":true,"href":"https:\/\/www.europesays.com\/lv\/wp-json\/wp\/v2\/comments?post=226000"}],"version-history":[{"count":0,"href":"https:\/\/www.europesays.com\/lv\/wp-json\/wp\/v2\/posts\/226000\/revisions"}],"wp:featuredmedia":[{"embeddable":true,"href":"https:\/\/www.europesays.com\/lv\/wp-json\/wp\/v2\/media\/226001"}],"wp:attachment":[{"href":"https:\/\/www.europesays.com\/lv\/wp-json\/wp\/v2\/media?parent=226000"}],"wp:term":[{"taxonomy":"category","embeddable":true,"href":"https:\/\/www.europesays.com\/lv\/wp-json\/wp\/v2\/categories?post=226000"},{"taxonomy":"post_tag","embeddable":true,"href":"https:\/\/www.europesays.com\/lv\/wp-json\/wp\/v2\/tags?post=226000"}],"curies":[{"name":"wp","href":"https:\/\/api.w.org\/{rel}","templated":true}]}}