{"id":226194,"date":"2026-06-14T06:43:12","date_gmt":"2026-06-14T06:43:12","guid":{"rendered":"https:\/\/www.europesays.com\/lv\/226194\/"},"modified":"2026-06-14T06:43:12","modified_gmt":"2026-06-14T06:43:12","slug":"sautrinu-meteji-razma-un-melderis-pirmo-reizi-cinisies-pasaules-kausa-ceturtdalfinala","status":"publish","type":"post","link":"https:\/\/www.europesays.com\/lv\/226194\/","title":{"rendered":"\u0160autri\u0146u met\u0113ji Razma un Melderis pirmo reizi c\u012bn\u012bsies Pasaules kausa ceturtda\u013cfin\u0101l\u0101"},"content":{"rendered":"<p>Latvija turn\u012br\u0101 izs\u0113ta ar 14. numuru, bet p\u0113rn\u0101 gada \u010dempionei Zieme\u013c\u012brijai ir tre\u0161ais numurs. Pretinieku sast\u0101v\u0101 ir p\u0113rn titulu izc\u012bn\u012bju\u0161ie D\u017eo\u0161s Roks un Derils G\u0113rnijs.<\/p>\n<p>Apak\u0161grup\u0101 Latvija ar 4-2 uzvar\u0113ja It\u0101liju un ar 3-4 zaud\u0113ja Trinidadai un Tobago.<\/p>\n<p>Vis\u0101m trim komand\u0101m bija pa vienai uzvarai divos due\u013cos, bet latvie\u0161iem bija lab\u0101ka uzvar\u0113to un zaud\u0113to legu starp\u012bba. Astotda\u013cfin\u0101l\u0101 spraig\u0101 duel\u012b Latvija ar 8-7 uzvar\u0113ja Franciju.<\/p>\n<p>Zieme\u013c\u012brija k\u0101 lab\u0101k\u0101 \u010detrinieka izlase no pirm\u0101s k\u0101rtas bija br\u012bva, turn\u012bru s\u0101kot ar astotda\u013cfin\u0101lu, kur\u0101 ar 8-7 p\u0101rsp\u0113ja Be\u013c\u0123iju (6.).<\/p>\n<p>Anglija, N\u012bderlande, Skotija un Zieme\u013c\u012brija jau nodro\u0161in\u0101ju\u0161as vietu otraj\u0101 k\u0101rt\u0101, bet p\u0101r\u0113j\u0101s 36 izlases sadal\u012bja v\u0113l 12 ce\u013caz\u012bmes uz n\u0101kamo k\u0101rtu. No 12 apak\u0161grup\u0101m otraj\u0101 k\u0101rt\u0101 iek\u013cuva tikai pirmo vietu ieguv\u0113jas.<\/p>\n<p>Turn\u012bra kop\u0113jais balvu fonds ir 500 000 Lielbrit\u0101nijas m\u0101rci\u0146u.<\/p>\n<p>P\u0113rn latvie\u0161i piedz\u012bvoja divus zaud\u0113jumus un neizk\u013cuva no grupas, bet par \u010dempioniem k\u013cuva Zieme\u013c\u012brijas \u0161autri\u0146u met\u0113ji D\u017eo\u0161s Roks un Derils G\u0113rnijs.<\/p>\n<p class=\"tv3-fw-500\">Zi\u0146o par k\u013c\u016bdu rakst\u0101<\/p>\n<p class=\"d-md-block d-none\">Iez\u012bm\u0113 k\u013c\u016bdaino tekstu un spied Ctrl+Enter.<\/p>\n<p class=\"d-md-none d-block\">Iez\u012bm\u0113 k\u013c\u016bdaino tekstu un zi\u0146o par to!<\/p>\n","protected":false},"excerpt":{"rendered":"Latvija turn\u012br\u0101 izs\u0113ta ar 14. numuru, bet p\u0113rn\u0101 gada \u010dempionei Zieme\u013c\u012brijai ir tre\u0161ais numurs. Pretinieku sast\u0101v\u0101 ir p\u0113rn&hellip;\n","protected":false},"author":2,"featured_media":226195,"comment_status":"","ping_status":"","sticky":false,"template":"","format":"standard","meta":{"footnotes":"","_share_on_mastodon":"0"},"categories":[14],"tags":[23,57,28,29,32,33,22,30,31,35,39,38,36,37,34,40,38603,20,26,27,24,25,54,55,56,21,58],"class_list":["post-226194","post","type-post","status-publish","format-standard","has-post-thumbnail","category-zinas-no-arvalstim","tag-aktualitates","tag-arvalstim","tag-breaking-news","tag-breakingnews","tag-featured-news","tag-featurednews","tag-headlines","tag-latest-news","tag-latestnews","tag-latvia","tag-latvian","tag-latviesu","tag-latviesu-valoda","tag-latviesuvaloda","tag-latvija","tag-lv","tag-madars-razmasautrinu-mesanavalters-melderis","tag-news","tag-popularakas-zinas","tag-popularakaszinas","tag-top-stories","tag-topstories","tag-world","tag-world-news","tag-worldnews","tag-zinas","tag-zinas-no-arvalstim"],"share_on_mastodon":{"url":"https:\/\/pubeurope.com\/@lv\/116747108625146858","error":""},"_links":{"self":[{"href":"https:\/\/www.europesays.com\/lv\/wp-json\/wp\/v2\/posts\/226194","targetHints":{"allow":["GET"]}}],"collection":[{"href":"https:\/\/www.europesays.com\/lv\/wp-json\/wp\/v2\/posts"}],"about":[{"href":"https:\/\/www.europesays.com\/lv\/wp-json\/wp\/v2\/types\/post"}],"author":[{"embeddable":true,"href":"https:\/\/www.europesays.com\/lv\/wp-json\/wp\/v2\/users\/2"}],"replies":[{"embeddable":true,"href":"https:\/\/www.europesays.com\/lv\/wp-json\/wp\/v2\/comments?post=226194"}],"version-history":[{"count":0,"href":"https:\/\/www.europesays.com\/lv\/wp-json\/wp\/v2\/posts\/226194\/revisions"}],"wp:featuredmedia":[{"embeddable":true,"href":"https:\/\/www.europesays.com\/lv\/wp-json\/wp\/v2\/media\/226195"}],"wp:attachment":[{"href":"https:\/\/www.europesays.com\/lv\/wp-json\/wp\/v2\/media?parent=226194"}],"wp:term":[{"taxonomy":"category","embeddable":true,"href":"https:\/\/www.europesays.com\/lv\/wp-json\/wp\/v2\/categories?post=226194"},{"taxonomy":"post_tag","embeddable":true,"href":"https:\/\/www.europesays.com\/lv\/wp-json\/wp\/v2\/tags?post=226194"}],"curies":[{"name":"wp","href":"https:\/\/api.w.org\/{rel}","templated":true}]}}