{"id":22642,"date":"2025-10-16T14:41:04","date_gmt":"2025-10-16T14:41:04","guid":{"rendered":"https:\/\/www.europesays.com\/lv\/22642\/"},"modified":"2025-10-16T14:41:04","modified_gmt":"2025-10-16T14:41:04","slug":"par-ltrk-valdes-priekssedetaju-ieveleta-katrina-zarina-dienas-bizness","status":"publish","type":"post","link":"https:\/\/www.europesays.com\/lv\/22642\/","title":{"rendered":"Par LTRK valdes priek\u0161s\u0113d\u0113t\u0101ju iev\u0113l\u0113ta Katr\u012bna Zari\u0146a :: Dienas Bizness"},"content":{"rendered":"<p class=\"text-font font-size--text-xlarge margin-3--bottom font-weight--bold padding-1--top\">Uz\u0146\u0113m\u0113ju organiz\u0101cijas vald\u012bbas izzi\u0146oto valsts t\u0113ri\u0146u samazin\u0101\u0161anu 150 miljonu eiro apjom\u0101 gad\u0101 v\u0113rt\u0113 k\u0101 nesam\u0113r\u012bgi zemu un uzst\u0101j uz apjom\u012bg\u0101kiem taup\u012bbas pas\u0101kumiem, inform\u0113 Latvijas Tirdzniec\u012bbas un r\u016bpniec\u012bbas kamera (LTRK) un Latvijas Darba dev\u0113ju konfeder\u0101cija (LDDK).<\/p>\n<p class=\"text-font font-size--text-xlarge margin-3--bottom\">12. maij\u0101 vald\u012bbu veidojo\u0161o partiju sadarb\u012bbas san\u0101ksm\u0113 vienoj\u0101s par pl\u0101nu valsts t\u0113ri\u0146u samazin\u0101\u0161anai. Finan\u0161u ministrijai j\u016bnij\u0101 ir j\u0101sagatavo priek\u0161likumi, lai samazin\u0101tu valsts t\u0113ri\u0146us tr\u012bs gadus par vismaz 150 miljoniem eiro gad\u0101.<\/p>\n<p class=\"text-font font-size--text-xlarge margin-3--bottom\">&#8220;\u0160is pl\u0101ns nav atbilsto\u0161s nedz pa\u0161reiz\u0113jiem \u0123eopolitiskajiem, nedz ekonomiskajiem apst\u0101k\u013ciem, jo t\u0113ri\u0146u samazin\u0101jums 130\u2013160 miljonu eiro apjom\u0101 jau tagad ik gadu notiek, pat bez jebk\u0101d\u0101m m\u0113r\u0137tiec\u012bg\u0101m darb\u012bb\u0101m. 150 miljoni eiro nav pat viens procents no 17,1 miljarda kop\u0113j\u0101 valsts izdevumu bud\u017eeta,&#8221; nor\u0101da LTRK valdes priek\u0161s\u0113d\u0113t\u0101js J\u0101nis Endzi\u0146\u0161.<\/p>\n<p class=\"text-font font-size--text-xlarge margin-3--bottom\">Uz\u0146\u0113m\u0113ju organiz\u0101cijas uzskata, ka pa\u0161reiz\u0113jos apst\u0101k\u013cos taup\u012bbas pas\u0101kumiem j\u0101b\u016bt daudz nopietn\u0101kiem \u2013 samazin\u0101t nelietder\u012bgus t\u0113ri\u0146us vai atlikt nepriorit\u0101rus pas\u0101kumus, ietaupot 850 miljonus eiro, kas veido 5% no kop\u0113j\u0101 valsts izdevumu bud\u017eeta, un novirzot tos pa\u0161reiz\u0113j\u0101m priorit\u0101t\u0113m \u2013 aizsardz\u012bbai, \u0123imen\u0113m un cit\u0101m.<\/p>\n<p class=\"text-font font-size--text-xlarge margin-3--bottom\">Tikpat nepie\u0146emami uz\u0146\u0113m\u0113ju organiz\u0101ciju ieskat\u0101 ir atteikties no pragmatiskas t\u0113ri\u0146u izv\u0113rt\u0113\u0161anas un valsts bud\u017eeta t\u0113ri\u0146u samazin\u0101\u0161anas, t\u0101 viet\u0101 aiz\u0146emoties un palielinot valsts par\u0101du, kura apkalpo\u0161anai Latvija jau \u0161ogad maks\u0101s vair\u0101k nek\u0101 0,5 miljardus eiro.<\/p>\n<p class=\"text-font font-size--text-xlarge margin-3--bottom\">&#8220;2023. gad\u0101 par valsts par\u0101da procentu maks\u0101jumiem Latvija t\u0113r\u0113ja aptuveni 290 miljonus eiro. \u0160ogad tie b\u016bs jau 555 miljoni eiro, n\u0101kamgad \u2013 640 miljoni. Prognoz\u0113ts, ka 2029. gad\u0101 \u0161ie maks\u0101jumi pieaugs l\u012bdz 830 miljoni eiro. T\u0101 ir nauda, ko valsts t\u0113r\u0113s nevis dro\u0161\u012bbai, infrastrukt\u016bras uzlabo\u0161anai, medm\u0101su vai policistu alg\u0101m, bet par\u0101da apkalpo\u0161anai procentu maks\u0101jumos,&#8221; skaidro LDDK \u0123ener\u0101ldirektors Kaspars Gork\u0161s. &#8220;M\u0113s nevaram at\u013cauties valsti gr\u016bst par\u0101du j\u016bg\u0101.&#8221;<\/p>\n<p class=\"text-font font-size--text-xlarge margin-3--bottom\">Uz\u0146\u0113m\u0113ji aicina s\u0101kt ar izdevumu rev\u012bzij\u0101m valsts apar\u0101t\u0101. Tas \u013cautu izvair\u012bties no line\u0101ras samazin\u0101\u0161anas un izv\u0113rt\u0113t izdevumu lietder\u012bbu un priorit\u0101tes funkciju nodro\u0161in\u0101\u0161anai.<\/p>\n<p class=\"text-font font-size--text-xlarge margin-3--bottom\">&#8220;Ministrij\u0101s un valsts iest\u0101d\u0113s gadiem nav izv\u0113rt\u0113ts taup\u012bbas potenci\u0101ls. Valsts kontroles lietder\u012bbas rev\u012bzijas nor\u0101da uz daudzu desmitu miljonu eiro nelietder\u012bgu izlietojumu. Ir j\u0101s\u0101k ar izdevumu rev\u012bziju un vald\u012bbas defin\u0113tu taup\u012bbas m\u0113r\u0137i. Samazinot nelietder\u012bgus t\u0113ri\u0146us, atliekot nepriorit\u0101rus projektus vai pre\u010du ieg\u0101di, var atrast naudu, ko novirz\u012bt pa\u0161reiz\u0113j\u0101m priorit\u0101t\u0113m \u2013 aizsardz\u012bbai, izgl\u012bt\u012bbai un demogr\u0101fijai,&#8221; saka Kaspars Gork\u0161s.<\/p>\n<p class=\"text-font font-size--text-xlarge margin-3--bottom\">K\u0101 zi\u0146ots, \u0161\u0101 gada pavasar\u012b vado\u0161\u0101s uz\u0146\u0113m\u0113ju organiz\u0101cijas \u2013 Latvijas Darba dev\u0113ju konfeder\u0101cija, Latvijas Tirdzniec\u012bbas un r\u016bpniec\u012bbas kamera un Finan\u0161u nozares asoci\u0101cija \u2013 un tr\u012bs parlament\u0101r\u0101s frakcijas \u2013 ZZS, AS, NA \u2013 parakst\u012bja memorandu par publisk\u0101 sektora izdevumu samazin\u0101\u0161anu par vismaz 850 miljoniem eiro. No vald\u012bbas partij\u0101m memorandu nav parakst\u012bju\u0161as \u201cJaun\u0101 Vienot\u012bba\u201d un \u201cProgres\u012bvie\u201d.<\/p>\n<p class=\"text-font font-size--text-xlarge margin-3--bottom\">P\u0113d\u0113jo piecu gadu laik\u0101 valsts t\u0113ri\u0146i ir augu\u0161i par 5,5 miljardiem \u2013 no 12,9 miljardiem eiro 2020. gad\u0101 l\u012bdz 18,4 miljardiem eiro 2024. gad\u0101.<\/p>\n","protected":false},"excerpt":{"rendered":"Uz\u0146\u0113m\u0113ju organiz\u0101cijas vald\u012bbas izzi\u0146oto valsts t\u0113ri\u0146u samazin\u0101\u0161anu 150 miljonu eiro apjom\u0101 gad\u0101 v\u0113rt\u0113 k\u0101 nesam\u0113r\u012bgi zemu un uzst\u0101j&hellip;\n","protected":false},"author":2,"featured_media":22643,"comment_status":"","ping_status":"","sticky":false,"template":"","format":"standard","meta":{"footnotes":""},"categories":[12],"tags":[23,869,77,870,28,29,867,32,33,22,30,31,35,39,38,36,37,34,871,868,40,20,26,27,24,25,21],"class_list":{"0":"post-22642","1":"post","2":"type-post","3":"status-publish","4":"format-standard","5":"has-post-thumbnail","7":"category-latvija","8":"tag-aktualitates","9":"tag-biznesa-zinas","10":"tag-bizness","11":"tag-bizness-latvija","12":"tag-breaking-news","13":"tag-breakingnews","14":"tag-dienas-zinas","15":"tag-featured-news","16":"tag-featurednews","17":"tag-headlines","18":"tag-latest-news","19":"tag-latestnews","20":"tag-latvia","21":"tag-latvian","22":"tag-latviesu","23":"tag-latviesu-valoda","24":"tag-latviesuvaloda","25":"tag-latvija","26":"tag-latvijas-biznesa-zinas","27":"tag-latvijas-zinas","28":"tag-lv","29":"tag-news","30":"tag-popularakas-zinas","31":"tag-popularakaszinas","32":"tag-top-stories","33":"tag-topstories","34":"tag-zinas"},"share_on_mastodon":{"url":"","error":""},"_links":{"self":[{"href":"https:\/\/www.europesays.com\/lv\/wp-json\/wp\/v2\/posts\/22642","targetHints":{"allow":["GET"]}}],"collection":[{"href":"https:\/\/www.europesays.com\/lv\/wp-json\/wp\/v2\/posts"}],"about":[{"href":"https:\/\/www.europesays.com\/lv\/wp-json\/wp\/v2\/types\/post"}],"author":[{"embeddable":true,"href":"https:\/\/www.europesays.com\/lv\/wp-json\/wp\/v2\/users\/2"}],"replies":[{"embeddable":true,"href":"https:\/\/www.europesays.com\/lv\/wp-json\/wp\/v2\/comments?post=22642"}],"version-history":[{"count":0,"href":"https:\/\/www.europesays.com\/lv\/wp-json\/wp\/v2\/posts\/22642\/revisions"}],"wp:featuredmedia":[{"embeddable":true,"href":"https:\/\/www.europesays.com\/lv\/wp-json\/wp\/v2\/media\/22643"}],"wp:attachment":[{"href":"https:\/\/www.europesays.com\/lv\/wp-json\/wp\/v2\/media?parent=22642"}],"wp:term":[{"taxonomy":"category","embeddable":true,"href":"https:\/\/www.europesays.com\/lv\/wp-json\/wp\/v2\/categories?post=22642"},{"taxonomy":"post_tag","embeddable":true,"href":"https:\/\/www.europesays.com\/lv\/wp-json\/wp\/v2\/tags?post=22642"}],"curies":[{"name":"wp","href":"https:\/\/api.w.org\/{rel}","templated":true}]}}