{"id":226522,"date":"2026-06-14T14:29:12","date_gmt":"2026-06-14T14:29:12","guid":{"rendered":"https:\/\/www.europesays.com\/lv\/226522\/"},"modified":"2026-06-14T14:29:12","modified_gmt":"2026-06-14T14:29:12","slug":"latvijas-sautrinu-meteji-spraiga-cina-zaude-pasaules-kausa-ceturtdalfinala","status":"publish","type":"post","link":"https:\/\/www.europesays.com\/lv\/226522\/","title":{"rendered":"Latvijas \u0161autri\u0146u met\u0113ji spraig\u0101 c\u012b\u0146\u0101 zaud\u0113 Pasaules kausa ceturtda\u013cfin\u0101l\u0101"},"content":{"rendered":"<p>Latvija, kas turn\u012br\u0101 izs\u0113ta ar 14. numuru, ar 7-8 zaud\u0113ja p\u0113rn\u0101 gada \u010dempionei Zieme\u013c\u012brijai, kurai ir tre\u0161ais numurs. Pretinieku sast\u0101v\u0101 ir p\u0113rn titulu izc\u012bn\u012bju\u0161ie D\u017eo\u0161s Roks un Derils G\u0113rnijs.<\/p>\n<p>Latvijas duets vid\u0113ji pieg\u0101jien\u0101 guva 92,78 punktus un nosl\u0113dzo\u0161os metienus izpild\u012bja ar 77,78% precizit\u0101ti. Pretinieki vid\u0113ji pieg\u0101jien\u0101 guva 96 punktus, atz\u012bm\u0113j\u0101s ar diviem 180 punktu g\u0101jieniem un nosl\u0113dzo\u0161os metienus izpild\u012bja ar 53,33% precizit\u0101ti.<\/p>\n<p><img decoding=\"async\" class=\"figure__image\" onclick=\"triggerEvent('articleImageClick', { id: 17714618, focus: 'single-image', focusIndex: '17714618' })\" onkeydown=\"if (event.key === 'Enter') {&#10;        triggerEvent('articleImageClick', { id: 17714618, focus: 'single-image', focusIndex: '17714618' })&#10;        }\" role=\"button\" tabindex=\"0\" data-focus-from=\"single-image\" data-focus-index=\"17714618\" src=\"https:\/\/www.europesays.com\/lv\/wp-content\/uploads\/2026\/06\/1781447352_836_17714618t1h19fc.jpg\"  onload=\"this.parentElement.classList.remove('figure__image-loading')\" alt=\"Latvijas \u0161autri\u0146u met\u0113js Madars Razma\"\/>Latvijas \u0161autri\u0146u met\u0113js Madars Razma Foto: Imago\/ScanPix<\/p>\n<p>Razma un Melderis pirmajos legos bija aukstasin\u012bg\u0101ki un prec\u012bz\u0101ki metienu izpild\u0113, pan\u0101kot 4-1. Sekojo\u0161aj\u0101 leg\u0101 Roks izc\u0113l\u0101s ar diviem 180 punktu g\u0101jieniem un pirms p\u0101rtraukuma zieme\u013c\u012bri pietuvoj\u0101s l\u012bdz 3-4. Pamaz\u0101m sp\u0113li uzlabojot ar\u012b G\u0113rnijam, pretinieki uzvar\u0113ja tr\u012bs legus p\u0113c k\u0101rtas un pan\u0101ca 6-4, ta\u010du 11. leg\u0101 pirmie 501 punktu nodz\u0113sa latvie\u0161i &#8211; 5-6.<\/p>\n<p>Turpin\u0101jum\u0101 Roks pan\u0101ca 7-5, ta\u010du 13. leg\u0101 nesp\u0113ja nosl\u0113gt ma\u010du, turpret\u012b tas izdev\u0101s Razmam, kur\u0161 g\u0101jienu pabeidza ar metienu centr\u0101 &#8211; 6-7. Ar\u012b 14. leg\u0101 Rokam neizdev\u0101s nodro\u0161in\u0101t uzvaru ma\u010d\u0101, savuk\u0101rt Melderis aukstasin\u012bgi nodz\u0113sa 80 punktus un pan\u0101ca 7-7.<\/p>\n","protected":false},"excerpt":{"rendered":"Latvija, kas turn\u012br\u0101 izs\u0113ta ar 14. numuru, ar 7-8 zaud\u0113ja p\u0113rn\u0101 gada \u010dempionei Zieme\u013c\u012brijai, kurai ir tre\u0161ais numurs.&hellip;\n","protected":false},"author":2,"featured_media":226523,"comment_status":"","ping_status":"","sticky":false,"template":"","format":"standard","meta":{"footnotes":"","_share_on_mastodon":"0"},"categories":[17],"tags":[35,39,38,36,37,34,40,18811,18810,67,39018],"class_list":["post-226522","post","type-post","status-publish","format-standard","has-post-thumbnail","category-sports","tag-latvia","tag-latvian","tag-latviesu","tag-latviesu-valoda","tag-latviesuvaloda","tag-latvija","tag-lv","tag-madars-razma","tag-sautrinmesana","tag-sports","tag-valters-melderis"],"share_on_mastodon":{"url":"https:\/\/pubeurope.com\/@lv\/116748941151827287","error":""},"_links":{"self":[{"href":"https:\/\/www.europesays.com\/lv\/wp-json\/wp\/v2\/posts\/226522","targetHints":{"allow":["GET"]}}],"collection":[{"href":"https:\/\/www.europesays.com\/lv\/wp-json\/wp\/v2\/posts"}],"about":[{"href":"https:\/\/www.europesays.com\/lv\/wp-json\/wp\/v2\/types\/post"}],"author":[{"embeddable":true,"href":"https:\/\/www.europesays.com\/lv\/wp-json\/wp\/v2\/users\/2"}],"replies":[{"embeddable":true,"href":"https:\/\/www.europesays.com\/lv\/wp-json\/wp\/v2\/comments?post=226522"}],"version-history":[{"count":0,"href":"https:\/\/www.europesays.com\/lv\/wp-json\/wp\/v2\/posts\/226522\/revisions"}],"wp:featuredmedia":[{"embeddable":true,"href":"https:\/\/www.europesays.com\/lv\/wp-json\/wp\/v2\/media\/226523"}],"wp:attachment":[{"href":"https:\/\/www.europesays.com\/lv\/wp-json\/wp\/v2\/media?parent=226522"}],"wp:term":[{"taxonomy":"category","embeddable":true,"href":"https:\/\/www.europesays.com\/lv\/wp-json\/wp\/v2\/categories?post=226522"},{"taxonomy":"post_tag","embeddable":true,"href":"https:\/\/www.europesays.com\/lv\/wp-json\/wp\/v2\/tags?post=226522"}],"curies":[{"name":"wp","href":"https:\/\/api.w.org\/{rel}","templated":true}]}}