{"id":22654,"date":"2025-10-16T14:48:07","date_gmt":"2025-10-16T14:48:07","guid":{"rendered":"https:\/\/www.europesays.com\/lv\/22654\/"},"modified":"2025-10-16T14:48:07","modified_gmt":"2025-10-16T14:48:07","slug":"rudens-un-lietus-sinoptiki-atklaj-ar-kadu-laiku-iesaksies-nedelas-nogale-tv3-lv","status":"publish","type":"post","link":"https:\/\/www.europesays.com\/lv\/22654\/","title":{"rendered":"Rudens un lietus. Sinopti\u0137i atkl\u0101j, ar k\u0101du laiku ies\u0101ksies ned\u0113\u013cas nogale &#8211; tv3.lv"},"content":{"rendered":"<ol>\n<li><a href=\"https:\/\/news.google.com\/rss\/articles\/CBMiqAFBVV95cUxQSFJGMEhzLXN6QlhzNjU2aEdZNjA5U0pnOUp3ZGRXcTNYc2FHTnh1T0g5cjgxcFdjbi1vbFByWHdNb1pqR09hQkNCQ1RqOFBVVTlVU0tqZW05emF5OXJxY3A5dl8wVWJmOHM5cklFOWJCR3ZWX0QyZjZpMXJ0aVBOMFhMZnNqWmZjUHMwYUg2OXpoRzM1aVpndE9YdzBNaV9ySTdKVDFDNzg?oc=5\" target=\"_blank\" rel=\"nofollow noopener\">Rudens un lietus. Sinopti\u0137i atkl\u0101j, ar k\u0101du laiku ies\u0101ksies ned\u0113\u013cas nogale<\/a>&nbsp;&nbsp;tv3.lv<\/li>\n<li><a href=\"https:\/\/news.google.com\/rss\/articles\/CBMiqgFBVV95cUxOaDZ1RWxhdXJiQUsxWkg3cVh3N1hzSXFraHdGTzh4VzVqRVpJZ21OZjl3V2twdlVuZkhENC1sVkpfQktXbDMwbTNRUFlPNll4blpHWVRVb3RnSjhlbWpwRlJmNnh0SU5IQnlSTEVZdVBLTTViVHljSWNZQ0duZVJZVUVEbms1dlo4QWVxNEdvRG1QZ2V6VkpyQUtFNWJIdWNCSmNFMHhUZVl0dw?oc=5\" target=\"_blank\" rel=\"nofollow noopener\">Jaun\u0101k\u0101 prognoze \u2013 br\u012bvdien\u0101s laiks k\u013c\u016bs dzestr\u0101ks<\/a>&nbsp;&nbsp;Delfi<\/li>\n<li><a href=\"https:\/\/news.google.com\/rss\/articles\/CBMiqAFBVV95cUxNemNOQTFmZ2ttT29lYzRxdkNzNW5jVGZPX3EwdldXQ2RnWjduWU01TTNJUk43SkEzMFFmeV9yUzVuTTFJN0tqZ1hXemdwRm9lazBJdkpuV2t6RDI2MjhsQ2ptYWxtNjF2M2tXa09WSWZRMGxpalFmbXhBd3I2ejJjMWFzTmVHNy0yUC02TldHZzljUEtDSHBTWENDWTBqb3duTklmbWtaSmY?oc=5\" target=\"_blank\" rel=\"nofollow noopener\">Ceturtdien vis\u0101 Latvij\u0101 br\u012b\u017eiem l\u012bs \/ Raksts<\/a>&nbsp;&nbsp;LSM<\/li>\n<li><a href=\"https:\/\/news.google.com\/rss\/articles\/CBMic0FVX3lxTFBxb2p2THllM2gxTXozd0xFVmQtajIwaVN1WUlHS0QyMy1wQlN2REpYYk1mUUNmNVpGMXhLS3hCbE1VOExNMzJpdU9UX05DRThTM09qeVNSb1BFRnV0dEg5SnVuV1NPWFBRN2lZbWdqT2JmX0U?oc=5\" target=\"_blank\" rel=\"nofollow noopener\">Ar\u012b piektdiena atnes\u012bs nokri\u0161\u0146us<\/a>&nbsp;&nbsp;TVNET &#8211; Laika zi\u0146as<\/li>\n<li><a href=\"https:\/\/news.google.com\/rss\/articles\/CBMikAFBVV95cUxQUlhlOE1mYXFYU0lKLVYyRXY5THFIaUw5dUdqUXc4bnhFdWRCOFpUQ2ZyT1ZVYzBaMTdBTk82cVZuYkFFcWFZSTVfVjk4LVZnSjV3S1FvejJsZTFrd09EV3ZQV3JnaFhpV29pbW1kemI5ZHRfMzk3OTIzTGJsTDFxVFk1bU10MThSSEJXRnRMSFI?oc=5\" target=\"_blank\" rel=\"nofollow noopener\">Ar\u012b tuv\u0101kaj\u0101 diennakt\u012b daudzviet l\u012bs<\/a>&nbsp;&nbsp;Diena<\/li>\n<\/ol>\n","protected":false},"excerpt":{"rendered":"Rudens un lietus. Sinopti\u0137i atkl\u0101j, ar k\u0101du laiku ies\u0101ksies ned\u0113\u013cas nogale&nbsp;&nbsp;tv3.lv Jaun\u0101k\u0101 prognoze \u2013 br\u012bvdien\u0101s laiks k\u013c\u016bs dzestr\u0101ks&nbsp;&nbsp;Delfi&hellip;\n","protected":false},"author":2,"featured_media":22655,"comment_status":"","ping_status":"","sticky":false,"template":"","format":"standard","meta":{"footnotes":""},"categories":[5],"tags":[23,28,29,32,33,22,152,30,31,35,39,38,36,37,34,40,20,26,27,24,25,21],"class_list":{"0":"post-22654","1":"post","2":"type-post","3":"status-publish","4":"format-standard","5":"has-post-thumbnail","7":"category-aktualitates","8":"tag-aktualitates","9":"tag-breaking-news","10":"tag-breakingnews","11":"tag-featured-news","12":"tag-featurednews","13":"tag-headlines","14":"tag-laika-prognoze","15":"tag-latest-news","16":"tag-latestnews","17":"tag-latvia","18":"tag-latvian","19":"tag-latviesu","20":"tag-latviesu-valoda","21":"tag-latviesuvaloda","22":"tag-latvija","23":"tag-lv","24":"tag-news","25":"tag-popularakas-zinas","26":"tag-popularakaszinas","27":"tag-top-stories","28":"tag-topstories","29":"tag-zinas"},"share_on_mastodon":{"url":"","error":""},"_links":{"self":[{"href":"https:\/\/www.europesays.com\/lv\/wp-json\/wp\/v2\/posts\/22654","targetHints":{"allow":["GET"]}}],"collection":[{"href":"https:\/\/www.europesays.com\/lv\/wp-json\/wp\/v2\/posts"}],"about":[{"href":"https:\/\/www.europesays.com\/lv\/wp-json\/wp\/v2\/types\/post"}],"author":[{"embeddable":true,"href":"https:\/\/www.europesays.com\/lv\/wp-json\/wp\/v2\/users\/2"}],"replies":[{"embeddable":true,"href":"https:\/\/www.europesays.com\/lv\/wp-json\/wp\/v2\/comments?post=22654"}],"version-history":[{"count":0,"href":"https:\/\/www.europesays.com\/lv\/wp-json\/wp\/v2\/posts\/22654\/revisions"}],"wp:featuredmedia":[{"embeddable":true,"href":"https:\/\/www.europesays.com\/lv\/wp-json\/wp\/v2\/media\/22655"}],"wp:attachment":[{"href":"https:\/\/www.europesays.com\/lv\/wp-json\/wp\/v2\/media?parent=22654"}],"wp:term":[{"taxonomy":"category","embeddable":true,"href":"https:\/\/www.europesays.com\/lv\/wp-json\/wp\/v2\/categories?post=22654"},{"taxonomy":"post_tag","embeddable":true,"href":"https:\/\/www.europesays.com\/lv\/wp-json\/wp\/v2\/tags?post=22654"}],"curies":[{"name":"wp","href":"https:\/\/api.w.org\/{rel}","templated":true}]}}