{"id":226892,"date":"2026-06-15T03:34:33","date_gmt":"2026-06-15T03:34:33","guid":{"rendered":"https:\/\/www.europesays.com\/lv\/226892\/"},"modified":"2026-06-15T03:34:33","modified_gmt":"2026-06-15T03:34:33","slug":"latvijas-sautrinu-meteji-spraiga-cina-zaude-pasaules-kausa-ceturtdalfinala-delfi","status":"publish","type":"post","link":"https:\/\/www.europesays.com\/lv\/226892\/","title":{"rendered":"Latvijas \u0161autri\u0146u met\u0113ji spraig\u0101 c\u012b\u0146\u0101 zaud\u0113 Pasaules kausa ceturtda\u013cfin\u0101l\u0101 &#8211; Delfi"},"content":{"rendered":"<ol>\n<li><a href=\"https:\/\/news.google.com\/rss\/articles\/CBMixgFBVV95cUxQdm0wTEZpZk1WY2MyMmM1RlIzOURkTTdLYkVsVjNaUGktYmRrTVJVVmNiNDBkQk05N0xpblJtYlh1cmdUZnFIcy1GbXJqM3JrZVVOMXc5Nk5HZmEtSXk1bHV1QUlmM2dac1N4RUhHVk42YldDN2hXejBHUUM4aHdIckJKdjJSc1FIM1N5QXBLQ3pDV0pWZHJsUDl1ZWpyT1RPSUZ6ZTRlWkswaU5UUVdXcTluNzRsZ19DUndoSWhWVkVZZG94QWc?oc=5\" target=\"_blank\" rel=\"nofollow noopener\">Latvijas \u0161autri\u0146u met\u0113ji spraig\u0101 c\u012b\u0146\u0101 zaud\u0113 Pasaules kausa ceturtda\u013cfin\u0101l\u0101<\/a>&nbsp;&nbsp;Delfi<\/li>\n<li><a href=\"https:\/\/news.google.com\/rss\/articles\/CBMiwAFBVV95cUxOaEs5X2xvZHFhOWQ1M29odk9qbG43OS1GUmlMSmJ5TmN6V2RKaUFMSUp3cVN5YzFhbW5RX2Z6SGx0bGN4WURQak82T2k1aWM3NXIzcjNoeXVJeS1UYmNzamtKZ281ZEl6Q2IwVUNNVTZoOVYza3lNSmtfQUdOUVR6dVdZRXZLeEowckR3Rk1VZVFqakRyTTlWaVZSa0dkOWRKSldabS1fWUxBUXNFYnF6cXdUYUVuSE5XUjRQM1N5SEY?oc=5\" target=\"_blank\" rel=\"nofollow noopener\">VIDEO \u0160autri\u0146u met\u0113ji Razma un Melderis pirmo reizi sasniedz Pasaules kausa ceturtda\u013cfin\u0101lu<\/a>&nbsp;&nbsp;TVNET Sports<\/li>\n<li><a href=\"https:\/\/news.google.com\/rss\/articles\/CBMiiAFBVV95cUxQUHMwcnkxcnREVjhQb3VTbDFjX2lCeFNPYjBtTDNlRml4di1TbXRlRjQ0Sk0tcjhpaFhxMXo1d1FvbEhCZS1jdEtPU3o3Q3pZRk52S3NfTlZPb2tNalM5b0pKVzFaYXZPRkRkdzdOdUhvZEdXOWVkVEhDazZLeFp3ZGhnbEVHajVy?oc=5\" target=\"_blank\" rel=\"nofollow noopener\">Sapnis par pusfin\u0101lu apraujas iz\u0161\u0137iro\u0161aj\u0101 leg\u0101 &#8211; Latvijai s\u0101p\u012bgs Pasaules kausa nosl\u0113gums \u2013 Citi sporta veidi<\/a>&nbsp;&nbsp;Sportacentrs.com<\/li>\n<li><a href=\"https:\/\/news.google.com\/rss\/articles\/CBMijgFBVV95cUxNWFY0Y3VsODhxMmltYUhQWWZDN0xnbS16VnpRY090Z3RlWi03VkdtR2RRNVY1Q19DQmk3S3pyV2ZudDR0Q3Y3VE1RLUxLZWt2N1JZczUzczVMNGF2WThtd2dJckRvZnZVVnpfQlpMSWNKT1BOLUxST1UxdWVxLVVfUmI0eHVTcVBsUUVRVjdB?oc=5\" target=\"_blank\" rel=\"nofollow noopener\">Latvijas \u0161autri\u0146u met\u0113ji c\u012bn\u012bsies par vietu PK pusfin\u0101l\u0101<\/a>&nbsp;&nbsp;Sportazinas.com<\/li>\n<li><a href=\"https:\/\/news.google.com\/rss\/articles\/CBMiogFBVV95cUxNY3RMYy1qWVdBdnVHNnpHZmN3TlBZQlhySFU2TG9tVTlZblNVU2Z1TWZfMGF4OUpOSVhGR1h5TkwzRDdsQXJYcUhvMGhDRGVaZXBNVW83YS1tRHJCdURQVmFFa1Y2UTNCYlhfcnRKY2NDQ2U4RkU3QkRIa2syUDdzbTJiVWk0Vlc3QjRETkl2OHFiYmlwd1h2RjhkaVFTblNjM3c?oc=5\" target=\"_blank\" rel=\"nofollow noopener\">Latvijas \u0161autri\u0146u met\u0113ji iek\u013c\u016bst Pasaules kausa astotda\u013cfin\u0101l\u0101<\/a>&nbsp;&nbsp;Jauns.lv<\/li>\n<\/ol>\n","protected":false},"excerpt":{"rendered":"Latvijas \u0161autri\u0146u met\u0113ji spraig\u0101 c\u012b\u0146\u0101 zaud\u0113 Pasaules kausa ceturtda\u013cfin\u0101l\u0101&nbsp;&nbsp;Delfi VIDEO \u0160autri\u0146u met\u0113ji Razma un Melderis pirmo reizi sasniedz&hellip;\n","protected":false},"author":2,"featured_media":226893,"comment_status":"","ping_status":"","sticky":false,"template":"","format":"standard","meta":{"footnotes":"","_share_on_mastodon":"0"},"categories":[5],"tags":[23,28,29,32,33,22,30,31,35,39,38,36,37,34,40,18811,20,26,27,19157,24,25,21],"class_list":["post-226892","post","type-post","status-publish","format-standard","has-post-thumbnail","category-aktualitates","tag-aktualitates","tag-breaking-news","tag-breakingnews","tag-featured-news","tag-featurednews","tag-headlines","tag-latest-news","tag-latestnews","tag-latvia","tag-latvian","tag-latviesu","tag-latviesu-valoda","tag-latviesuvaloda","tag-latvija","tag-lv","tag-madars-razma","tag-news","tag-popularakas-zinas","tag-popularakaszinas","tag-sautrinu-mesana","tag-top-stories","tag-topstories","tag-zinas"],"share_on_mastodon":{"url":"https:\/\/pubeurope.com\/@lv\/116752027793827447","error":""},"_links":{"self":[{"href":"https:\/\/www.europesays.com\/lv\/wp-json\/wp\/v2\/posts\/226892","targetHints":{"allow":["GET"]}}],"collection":[{"href":"https:\/\/www.europesays.com\/lv\/wp-json\/wp\/v2\/posts"}],"about":[{"href":"https:\/\/www.europesays.com\/lv\/wp-json\/wp\/v2\/types\/post"}],"author":[{"embeddable":true,"href":"https:\/\/www.europesays.com\/lv\/wp-json\/wp\/v2\/users\/2"}],"replies":[{"embeddable":true,"href":"https:\/\/www.europesays.com\/lv\/wp-json\/wp\/v2\/comments?post=226892"}],"version-history":[{"count":0,"href":"https:\/\/www.europesays.com\/lv\/wp-json\/wp\/v2\/posts\/226892\/revisions"}],"wp:featuredmedia":[{"embeddable":true,"href":"https:\/\/www.europesays.com\/lv\/wp-json\/wp\/v2\/media\/226893"}],"wp:attachment":[{"href":"https:\/\/www.europesays.com\/lv\/wp-json\/wp\/v2\/media?parent=226892"}],"wp:term":[{"taxonomy":"category","embeddable":true,"href":"https:\/\/www.europesays.com\/lv\/wp-json\/wp\/v2\/categories?post=226892"},{"taxonomy":"post_tag","embeddable":true,"href":"https:\/\/www.europesays.com\/lv\/wp-json\/wp\/v2\/tags?post=226892"}],"curies":[{"name":"wp","href":"https:\/\/api.w.org\/{rel}","templated":true}]}}