{"id":22749,"date":"2025-10-16T17:33:07","date_gmt":"2025-10-16T17:33:07","guid":{"rendered":"https:\/\/www.europesays.com\/lv\/22749\/"},"modified":"2025-10-16T17:33:07","modified_gmt":"2025-10-16T17:33:07","slug":"riga-fashion-week-atklas-ar-ipasu-modes-skati-kas-veltita-latviesu-kino-tvnet","status":"publish","type":"post","link":"https:\/\/www.europesays.com\/lv\/22749\/","title":{"rendered":"\u201cRIGA FASHION WEEK\u201d atkl\u0101s ar \u012bpa\u0161u modes skati, kas velt\u012bta latvie\u0161u kino &#8211; TVNET"},"content":{"rendered":"<ol>\n<li><a href=\"https:\/\/news.google.com\/rss\/articles\/CBMiogFBVV95cUxOemc5TkRmeFl2bEZIWFo0SmVwRzc5bUpfN3plVnBORTNzMkVLV3lnVGZoX3V6LTcycUppWXJZYjN4VWo2TzRYUlUzREVxQWFsZ2pVMDRkSjVsemtwSEpJVkduZGVKRzhMdHNOTjI4TVp4TTZYRkVQU2tvUjAxNDRtemo4U2dham9FT3BfMDhGWUpuTTFiWGRCUUQyU0ItNjhnNWc?oc=5\" target=\"_blank\" rel=\"nofollow noopener\">\u201cRIGA FASHION WEEK\u201d atkl\u0101s ar \u012bpa\u0161u modes skati, kas velt\u012bta latvie\u0161u kino<\/a>&nbsp;&nbsp;TVNET<\/li>\n<li><a href=\"https:\/\/news.google.com\/rss\/articles\/CBMilwFBVV95cUxPSS1UMDR1WUtRTDhScVBHLXhhYWUxSEFCWnE1bjQ5QWxadExmNXZIX2IwUjlFNS01V0ZmR3JiblloQzJOTG1VUjdzTFpDWlFld2c5WnlSNkFlVmlXYzU3WTBEci1RV3ZpTHctUjY2V2VYTlZJMTN1YmdRcWxsS2RUbHh4X1Y5SllIT2xiVERtcUZ1dUN4RWtJ?oc=5\" target=\"_blank\" rel=\"nofollow noopener\">Debiju sezona: izzi\u0146ota R\u012bgas modes ned\u0113\u013cas programma<\/a>&nbsp;&nbsp;Jauns.lv<\/li>\n<li><a href=\"https:\/\/news.google.com\/rss\/articles\/CBMitgFBVV95cUxPN2c4MVhMa1BEQnpPWi1PWFAydDRrcG9DVUZoR1ZLQ1VXRm1TTWlzMjB5bHJNa1dSUUxHWjlUWENZS0NxbEJOZGMtQTVCWi1tTXY1Z2tyNDZCd2pWS1NZaDNLd3lKSHdpUzE1V25kYm9vaGVMUWd0UFJJSHdUMG9vWWZPR3BrYnB6QXJfa1dDN2ktUS14cUxsNllwWHJKWExQR090aVFYYTBqeG9xNU55VHRHV1NDUQ?oc=5\" target=\"_blank\" rel=\"nofollow noopener\">R\u012bgas modes ned\u0113\u013cu atkl\u0101s ar retrospekt\u012bvu modes skati latvie\u0161u kino<\/a>&nbsp;&nbsp;Lente.lv<\/li>\n<li><a href=\"https:\/\/news.google.com\/rss\/articles\/CBMixAFBVV95cUxNRVV4TmktTnFqclA1NEl3c0JFbEtVak9wME16Wm96X2N5b3NvbV95VElrZXUxNGRoazVoRzFZeG41a3hEM0M5a0FtbERMVFRtamxKM0kwMzNxQzlvRUlkdDk1T012Y2J3YVQ0d0pvUHFvUU5mVHFYQXgwdnQxcUM5V2dMX185X0hURHBQM2UtbDgxSXc5S1NjMHhJQXo4THhCODZiaHN2bGFQTk9NVUdjUTVxTzVUeDgwYjdob2E3VzFEUHBh?oc=5\" target=\"_blank\" rel=\"nofollow noopener\">R\u012bgas modes ned\u0113\u013ca 2025: Gaid\u0101ma debiju sezona un starptautisku dizaineru par\u0101de<\/a>&nbsp;&nbsp;Lente.lv<\/li>\n<\/ol>\n","protected":false},"excerpt":{"rendered":"\u201cRIGA FASHION WEEK\u201d atkl\u0101s ar \u012bpa\u0161u modes skati, kas velt\u012bta latvie\u0161u kino&nbsp;&nbsp;TVNET Debiju sezona: izzi\u0146ota R\u012bgas modes ned\u0113\u013cas&hellip;\n","protected":false},"author":2,"featured_media":16866,"comment_status":"","ping_status":"","sticky":false,"template":"","format":"standard","meta":{"footnotes":""},"categories":[19],"tags":[63,65,60,89,59,90,70,64,35,39,38,36,37,34,40,68,69,66,67,62,21,61],"class_list":{"0":"post-22749","1":"post","2":"type-post","3":"status-publish","4":"format-standard","5":"has-post-thumbnail","7":"category-izklaide","8":"tag-arvalstis","9":"tag-auto","10":"tag-egoiste","11":"tag-entertainment","12":"tag-financenet","13":"tag-izklaide","14":"tag-klik","15":"tag-kultura","16":"tag-latvia","17":"tag-latvian","18":"tag-latviesu","19":"tag-latviesu-valoda","20":"tag-latviesuvaloda","21":"tag-latvija","22":"tag-lv","23":"tag-maja","24":"tag-receptes","25":"tag-sejas","26":"tag-sports","27":"tag-viedokli","28":"tag-zinas","29":"tag-zinatne"},"share_on_mastodon":{"url":"","error":""},"_links":{"self":[{"href":"https:\/\/www.europesays.com\/lv\/wp-json\/wp\/v2\/posts\/22749","targetHints":{"allow":["GET"]}}],"collection":[{"href":"https:\/\/www.europesays.com\/lv\/wp-json\/wp\/v2\/posts"}],"about":[{"href":"https:\/\/www.europesays.com\/lv\/wp-json\/wp\/v2\/types\/post"}],"author":[{"embeddable":true,"href":"https:\/\/www.europesays.com\/lv\/wp-json\/wp\/v2\/users\/2"}],"replies":[{"embeddable":true,"href":"https:\/\/www.europesays.com\/lv\/wp-json\/wp\/v2\/comments?post=22749"}],"version-history":[{"count":0,"href":"https:\/\/www.europesays.com\/lv\/wp-json\/wp\/v2\/posts\/22749\/revisions"}],"wp:featuredmedia":[{"embeddable":true,"href":"https:\/\/www.europesays.com\/lv\/wp-json\/wp\/v2\/media\/16866"}],"wp:attachment":[{"href":"https:\/\/www.europesays.com\/lv\/wp-json\/wp\/v2\/media?parent=22749"}],"wp:term":[{"taxonomy":"category","embeddable":true,"href":"https:\/\/www.europesays.com\/lv\/wp-json\/wp\/v2\/categories?post=22749"},{"taxonomy":"post_tag","embeddable":true,"href":"https:\/\/www.europesays.com\/lv\/wp-json\/wp\/v2\/tags?post=22749"}],"curies":[{"name":"wp","href":"https:\/\/api.w.org\/{rel}","templated":true}]}}