{"id":22760,"date":"2025-10-16T18:07:35","date_gmt":"2025-10-16T18:07:35","guid":{"rendered":"https:\/\/www.europesays.com\/lv\/22760\/"},"modified":"2025-10-16T18:07:35","modified_gmt":"2025-10-16T18:07:35","slug":"apelacijas-instance-apsudzetais-bunkus-slepkaviba-prasa-nozimet-komplekso-tiesu-psihiatrisko-un-psihologisko-ekspertizi","status":"publish","type":"post","link":"https:\/\/www.europesays.com\/lv\/22760\/","title":{"rendered":"Apel\u0101cijas instanc\u0113 aps\u016bdz\u0113tais Bunkus slepkav\u012bb\u0101 prasa noz\u012bm\u0113t komplekso tiesu psihiatrisko un psiholo\u0123isko ekspert\u012bzi"},"content":{"rendered":"<p>Tiesa nol\u0113ma saglab\u0101t uzlikto arestu \u010detriem U\u013cmana nekustamajiem \u012bpa\u0161umiem l\u012bdz kait\u0113jumu kompens\u0101cijas un valsts izmaks\u0101t\u0101s kompens\u0101cijas atl\u012bdzin\u0101\u0161anai. Ta\u010du atcelts tika iepriek\u0161 noteiktais arests 97 nekustamajiem \u012bpa\u0161umiem, 14 uz\u0146\u0113mumu kapit\u0101lda\u013c\u0101m un devi\u0146iem transportl\u012bdzek\u013ciem.<\/p>\n<p>Tiesa Babenko konfisc\u0113ja ar noziedz\u012bgu nodar\u012bjumu saist\u012btu mantu &#8211; 110 000 eiro, kas glab\u0101jas Valsts policijas Finan\u0161u p\u0101rvald\u0113, k\u0101 ar\u012b saglab\u0101t uzlikto arestu trim nekustamajiem \u012bpa\u0161umiem, bet 66 nekustamo \u012bpa\u0161umu, viena uz\u0146\u0113muma kapit\u0101lda\u013cu un 25 transportl\u012bdzek\u013cu arests tika atcelts.<\/p>\n<p>Iepriek\u0161 prokurors Rimants Kuzma tiesas debat\u0113s par slepkav\u012bbas izdar\u012b\u0161anu aps\u016bdz\u0113tajam Krivo\u0161ejam l\u016bdza piespriest m\u016b\u017ea ieslodz\u012bjumu un prob\u0101cijas uzraudz\u012bbu uz tr\u012bs gadiem.<\/p>\n<p>Gan prokurors, gan aps\u016bdz\u0113tie p\u0101rs\u016bdz\u0113ja pirm\u0101s instances tiesas spriedumu.<\/p>\n<p>Par slepkav\u012bbas pas\u016bt\u012b\u0161anu aps\u016bdz\u0113tajiem uz\u0146\u0113m\u0113jiem &#8211; 1961. gad\u0101 dzimu\u0161ajam Babenko un 1953. gad\u0101 dzimu\u0161ajam U\u013cmanam &#8211; tika l\u016bgts piespriest katram 20 gadus cietum\u0101, prob\u0101cijas uzraudz\u012bbu uz tr\u012bs gadiem un mantas konfisk\u0101ciju. Aps\u016bdz\u0113tajiem uz\u0146\u0113m\u0113jiem l\u016bgts konfisc\u0113t nekustamos \u012bpa\u0161umus, transportl\u012bdzek\u013cus un uz\u0146\u0113mumu kapit\u0101lda\u013cas.<\/p>\n<p>&#8220;Firmas.lv&#8221; inform\u0101cija liecina, ka ar Valsts policijas (VP) 2022. gada maija l\u0113mumu piem\u0113rots arests Babenko mantai &#8211; kapit\u0101lda\u013c\u0101m vair\u0101kos uz\u0146\u0113mumos, piem\u0113ram, 32,58% SIA &#8220;Gruodis&#8221; kapit\u0101lda\u013cu ar nomin\u0101lv\u0113rt\u012bbu 2 428 348 eiro, lai nodro\u0161in\u0101tu procesu\u0101lo izdevumu, cietu\u0161ajam nodar\u012bt\u0101 kait\u0113juma kompens\u0101cijas piedzi\u0146u un ar\u012b iesp\u0113jamo mantas konfisk\u0101ciju k\u0101 papildsodu. \u0160im uz\u0146\u0113mumam pieder 62% mazumtirgot\u0101ja &#8220;Mego&#8221; kapit\u0101la.<\/p>\n<p>Ar VP l\u0113mumu arests piem\u0113rots ar\u012b U\u013cmana kapit\u0101lda\u013c\u0101m vair\u0101kos uz\u0146\u0113mumos, piem\u0113ram, SIA &#8220;Monald&#8221; kapit\u0101lda\u013c\u0101m ar nomin\u0101lv\u0113rt\u012bbu 1 467 186 eiro.<\/p>\n<p>Bunkus tika no\u0161auts 2018. gada 30. maija r\u012bt\u0101, kad vi\u0146\u0161 ar automa\u0161\u012bnu brauca gar\u0101m R\u012bgas Me\u017ea kapiem. \u012asi p\u0113c slepkav\u012bbas net\u0101lu no notikuma vietas tika atrasta sadedzin\u0101ta ar viltotiem valsts numuriem apr\u012bkota automa\u0161\u012bna.<\/p>\n","protected":false},"excerpt":{"rendered":"Tiesa nol\u0113ma saglab\u0101t uzlikto arestu \u010detriem U\u013cmana nekustamajiem \u012bpa\u0161umiem l\u012bdz kait\u0113jumu kompens\u0101cijas un valsts izmaks\u0101t\u0101s kompens\u0101cijas atl\u012bdzin\u0101\u0161anai. Ta\u010du&hellip;\n","protected":false},"author":2,"featured_media":22761,"comment_status":"","ping_status":"","sticky":false,"template":"","format":"standard","meta":{"footnotes":""},"categories":[12],"tags":[23,28,29,32,33,22,30,31,35,39,38,36,37,34,40,7139,20,26,27,595,375,24,25,21],"class_list":{"0":"post-22760","1":"post","2":"type-post","3":"status-publish","4":"format-standard","5":"has-post-thumbnail","7":"category-latvija","8":"tag-aktualitates","9":"tag-breaking-news","10":"tag-breakingnews","11":"tag-featured-news","12":"tag-featurednews","13":"tag-headlines","14":"tag-latest-news","15":"tag-latestnews","16":"tag-latvia","17":"tag-latvian","18":"tag-latviesu","19":"tag-latviesu-valoda","20":"tag-latviesuvaloda","21":"tag-latvija","22":"tag-lv","23":"tag-martins-bunkus","24":"tag-news","25":"tag-popularakas-zinas","26":"tag-popularakaszinas","27":"tag-slepkaviba","28":"tag-tiesa","29":"tag-top-stories","30":"tag-topstories","31":"tag-zinas"},"share_on_mastodon":{"url":"","error":""},"_links":{"self":[{"href":"https:\/\/www.europesays.com\/lv\/wp-json\/wp\/v2\/posts\/22760","targetHints":{"allow":["GET"]}}],"collection":[{"href":"https:\/\/www.europesays.com\/lv\/wp-json\/wp\/v2\/posts"}],"about":[{"href":"https:\/\/www.europesays.com\/lv\/wp-json\/wp\/v2\/types\/post"}],"author":[{"embeddable":true,"href":"https:\/\/www.europesays.com\/lv\/wp-json\/wp\/v2\/users\/2"}],"replies":[{"embeddable":true,"href":"https:\/\/www.europesays.com\/lv\/wp-json\/wp\/v2\/comments?post=22760"}],"version-history":[{"count":0,"href":"https:\/\/www.europesays.com\/lv\/wp-json\/wp\/v2\/posts\/22760\/revisions"}],"wp:featuredmedia":[{"embeddable":true,"href":"https:\/\/www.europesays.com\/lv\/wp-json\/wp\/v2\/media\/22761"}],"wp:attachment":[{"href":"https:\/\/www.europesays.com\/lv\/wp-json\/wp\/v2\/media?parent=22760"}],"wp:term":[{"taxonomy":"category","embeddable":true,"href":"https:\/\/www.europesays.com\/lv\/wp-json\/wp\/v2\/categories?post=22760"},{"taxonomy":"post_tag","embeddable":true,"href":"https:\/\/www.europesays.com\/lv\/wp-json\/wp\/v2\/tags?post=22760"}],"curies":[{"name":"wp","href":"https:\/\/api.w.org\/{rel}","templated":true}]}}