{"id":227631,"date":"2026-06-15T16:01:30","date_gmt":"2026-06-15T16:01:30","guid":{"rendered":"https:\/\/www.europesays.com\/lv\/227631\/"},"modified":"2026-06-15T16:01:30","modified_gmt":"2026-06-15T16:01:30","slug":"lielbritanijas-speki-partver-krievijas-enu-flotes-kugi-3","status":"publish","type":"post","link":"https:\/\/www.europesays.com\/lv\/227631\/","title":{"rendered":"Lielbrit\u0101nijas sp\u0113ki p\u0101rtver Krievijas \u0113nu flotes ku\u0123i"},"content":{"rendered":"<p>Aizsardz\u012bbas ministrija pav\u0113st\u012bja, ka j\u016bras k\u0101jnieki un ties\u012bbsarg\u0101jo\u0161o iest\u0101\u017eu darbinieki no Nacion\u0101l\u0101s noziedz\u012bbas apkaro\u0161anas a\u0123ent\u016bras se\u0161as stundas ilgas oper\u0101cijas laik\u0101 uzk\u0101pu\u0161i uz sankcij\u0101m pak\u013caut\u0101 naftas tankku\u0123a. T\u0101 bija pirm\u0101 \u0161\u0101da veida Lielbrit\u0101nijas vad\u012bta oper\u0101cija.<\/p>\n<p>Ku\u0123is &#8220;Smyrtos&#8221; tiks p\u0101rvietots uz enkurvietu Anglijas dienvidu piekrast\u0113, un tiks uzraudz\u012bts, vai nerodas vides vai dro\u0161\u012bbas probl\u0113mas.<\/p>\n<p>Oper\u0101ciju atbalst\u012bja J\u016bras gaisa sp\u0113ku grupas lidapar\u0101ti, Karalisko gaisa sp\u0113ku lidma\u0161\u012bna, k\u0101 ar\u012b karaku\u0123i &#8220;HMS Sutherland&#8221; un &#8220;HMS Ledbury&#8221;.<\/p>\n<p>&#8220;\u0160\u012b oper\u0101cija ir v\u0113l viens trieciens Krievijai un atg\u0101dina tiem, kas uztur Putina karu Ukrain\u0101, ka vi\u0146i nevar sl\u0113pties,&#8221; pav\u0113st\u012bja St\u0101rmers. &#8220;Es v\u0113los izteikt atzin\u012bbu visiem iesaist\u012btajiem, tostarp m\u016bsu bru\u0146otajiem sp\u0113kiem un ties\u012bbaizsardz\u012bbas iest\u0101\u017eu darbiniekiem, kas r\u016bp\u0113jas par \u0161\u012bs valsts dro\u0161\u012bbu 24 stundas diennakt\u012b, 365 dienas gad\u0101.&#8221;<\/p>\n<p>&#8220;\u0160\u0101das oper\u0101cijas prasa prasmi, profesionalit\u0101ti un drosmi. Es izsaku atzin\u012bbu m\u016bsu bru\u0146oto sp\u0113ku person\u0101lam un visiem iesaist\u012btajiem,&#8221; pav\u0113st\u012bja aizsardz\u012bbas ministrs Dens D\u017e\u0101rviss. &#8220;Krievija pa\u013caujas uz savu \u0113nu floti, lai finans\u0113tu savu konfliktu Ukrain\u0101, un m\u016bsu aiztur\u0113\u0161ana ir trieciens Putina nelikum\u012bgajam karam.&#8221;<\/p>\n","protected":false},"excerpt":{"rendered":"Aizsardz\u012bbas ministrija pav\u0113st\u012bja, ka j\u016bras k\u0101jnieki un ties\u012bbsarg\u0101jo\u0161o iest\u0101\u017eu darbinieki no Nacion\u0101l\u0101s noziedz\u012bbas apkaro\u0161anas a\u0123ent\u016bras se\u0161as stundas ilgas&hellip;\n","protected":false},"author":2,"featured_media":218037,"comment_status":"","ping_status":"","sticky":false,"template":"","format":"standard","meta":{"footnotes":"","_share_on_mastodon":"0"},"categories":[14],"tags":[23,57,28,29,3964,32,33,22,5677,234,39113,30,31,35,39,38,36,37,34,487,40,20,26,27,24,25,54,55,56,21,58],"class_list":["post-227631","post","type-post","status-publish","format-standard","has-post-thumbnail","category-zinas-no-arvalstim","tag-aktualitates","tag-arvalstim","tag-breaking-news","tag-breakingnews","tag-enu-flote","tag-featured-news","tag-featurednews","tag-headlines","tag-kirs-starmers","tag-krievija","tag-lamansa","tag-latest-news","tag-latestnews","tag-latvia","tag-latvian","tag-latviesu","tag-latviesu-valoda","tag-latviesuvaloda","tag-latvija","tag-lielbritanija","tag-lv","tag-news","tag-popularakas-zinas","tag-popularakaszinas","tag-top-stories","tag-topstories","tag-world","tag-world-news","tag-worldnews","tag-zinas","tag-zinas-no-arvalstim"],"share_on_mastodon":{"url":"https:\/\/pubeurope.com\/@lv\/116754965294677437","error":""},"_links":{"self":[{"href":"https:\/\/www.europesays.com\/lv\/wp-json\/wp\/v2\/posts\/227631","targetHints":{"allow":["GET"]}}],"collection":[{"href":"https:\/\/www.europesays.com\/lv\/wp-json\/wp\/v2\/posts"}],"about":[{"href":"https:\/\/www.europesays.com\/lv\/wp-json\/wp\/v2\/types\/post"}],"author":[{"embeddable":true,"href":"https:\/\/www.europesays.com\/lv\/wp-json\/wp\/v2\/users\/2"}],"replies":[{"embeddable":true,"href":"https:\/\/www.europesays.com\/lv\/wp-json\/wp\/v2\/comments?post=227631"}],"version-history":[{"count":0,"href":"https:\/\/www.europesays.com\/lv\/wp-json\/wp\/v2\/posts\/227631\/revisions"}],"wp:featuredmedia":[{"embeddable":true,"href":"https:\/\/www.europesays.com\/lv\/wp-json\/wp\/v2\/media\/218037"}],"wp:attachment":[{"href":"https:\/\/www.europesays.com\/lv\/wp-json\/wp\/v2\/media?parent=227631"}],"wp:term":[{"taxonomy":"category","embeddable":true,"href":"https:\/\/www.europesays.com\/lv\/wp-json\/wp\/v2\/categories?post=227631"},{"taxonomy":"post_tag","embeddable":true,"href":"https:\/\/www.europesays.com\/lv\/wp-json\/wp\/v2\/tags?post=227631"}],"curies":[{"name":"wp","href":"https:\/\/api.w.org\/{rel}","templated":true}]}}