{"id":22766,"date":"2025-10-16T18:16:07","date_gmt":"2025-10-16T18:16:07","guid":{"rendered":"https:\/\/www.europesays.com\/lv\/22766\/"},"modified":"2025-10-16T18:16:07","modified_gmt":"2025-10-16T18:16:07","slug":"atzimejot-jura-podnieka-75-jubileju-durvis-veris-podnieka-laiktelpa-lente-lv","status":"publish","type":"post","link":"https:\/\/www.europesays.com\/lv\/22766\/","title":{"rendered":"Atz\u012bm\u0113jot Jura Podnieka 75. jubileju, durvis v\u0113ris &#8220;Podnieka laiktelpa&#8221;\u00a0\u2014\u00a0Lente.lv"},"content":{"rendered":"<p>Atz\u012bm\u0113jot Jura Podnieka 75. dzim\u0161anas dienu, durvis v\u0113ris izst\u0101de &#8220;Podnieka laiktelpa&#8221;<\/p>\n<p>\u0160ogad tiek godin\u0101ts izcil\u0101 dokument\u0101l\u0101 kino re\u017eisora un operatora Jura Podnieka 75. dzim\u0161anas dienas jubileja, par godu kurai ir tapusi un ir apl\u016bkojama jauna un aizraujo\u0161a izst\u0101de ar nosaukumu &#8220;Podnieka laiktelpa&#8221;. \u0160is unik\u0101lais notikums norisin\u0101s Latvijas Kult\u016bras akad\u0113mijas telp\u0101s, kas atrodas R\u012bg\u0101, Miera iel\u0101 58a. Interesenti aicin\u0101ti iepaz\u012bties ar izst\u0101di, izmantojot centr\u0101lo ieeju un dodoties uz otro st\u0101vu, kur paveras iesp\u0113ja iel\u016bkoties Podnieka rado\u0161aj\u0101 pasaul\u0113 un vi\u0146a neatk\u0101rtojamaj\u0101 skat\u012bjum\u0101 uz dz\u012bvi un kino.<\/p>\n<p>Juris Podnieks \u2013 le\u0123end\u0101rs dokument\u0101lists, kura darbi joproj\u0101m iedvesmo<\/p>\n<p>Juris Podnieks (1950\u20131992) tiek atz\u012bts par vienu no spilgt\u0101kajiem un ietekm\u012bg\u0101kajiem dokument\u0101l\u0101 kino meistariem Latvij\u0101 un pasaul\u0113. Vi\u0146a filmas, kas bie\u017ei vien biju\u0161as drosm\u012bgas, aizraut\u012bgas un dzi\u013ci cilv\u0113c\u012bgas, sp\u0113ju\u0161as aizkustin\u0101t miljoniem skat\u012bt\u0101ju. Podnieka darbi ne tikai dokument\u0113 v\u0113sturiskus notikumus, bet ar\u012b atspogu\u013co cilv\u0113ka dv\u0113seles dzi\u013cumus, sabiedr\u012bbas p\u0101rmai\u0146as un laika garam rakstur\u012bgos izaicin\u0101jumus. Vi\u0146a kinematogr\u0101fisk\u0101 valoda bija novatoriska, bet st\u0101st\u012bjums \u2013 nepastarpin\u0101ts un god\u012bgs, padarot katru vi\u0146a filmu par dzi\u013cu un palieko\u0161u pieredzi.<\/p>\n<p>&#8220;Podnieka laiktelpa&#8221; \u2013 ce\u013cojums re\u017eisora unik\u0101laj\u0101 pasaul\u0113<\/p>\n<p>Izst\u0101de &#8220;Podnieka laiktelpa&#8221; pied\u0101v\u0101 unik\u0101lu iesp\u0113ju apmekl\u0113t\u0101jiem iegrimt Jura Podnieka rado\u0161aj\u0101 mantojum\u0101 un vi\u0146a person\u012bgaj\u0101 pasaul\u0113. T\u0101 ir r\u016bp\u012bgi veidota ekspoz\u012bcija, kas sniedz dzi\u013c\u0101ku ieskatu re\u017eisora dz\u012bv\u0113, vi\u0146a iedvesmas avotos, rado\u0161aj\u0101 proces\u0101 un taj\u0101 laik\u0101, ko vi\u0146\u0161 dokument\u0113jis sav\u0101s film\u0101s. Izst\u0101de nav tikai retrospekcija, bet gan ce\u013cojums cauri Podnieka redz\u0113tajai pasaulei, atkl\u0101jot vi\u0146a unik\u0101lo skat\u012bjumu uz kino un dz\u012bvi. Apmekl\u0113t\u0101jiem b\u016bs iesp\u0113ja ne tikai apl\u016bkot materi\u0101lus, kas saist\u012bti ar vi\u0146a slaven\u0101kaj\u0101m film\u0101m, bet ar\u012b izprast to kontekstu un ietekmi. Katrs darbs, katra filma bija k\u0101 mon\u0113ta vi\u0146a rad\u012btaj\u0101 st\u0101stu kolekcij\u0101, kas atkl\u0101j gan cilv\u0113cisk\u0101s attiec\u012bbas, gan sabiedr\u012bbas b\u016bt\u012bbu.<\/p>\n<p>Izst\u0101des vieta un laiks<\/p>\n<p>Ekspoz\u012bcija &#8220;Podnieka laiktelpa&#8221; ir atv\u0113rta apmekl\u0113t\u0101jiem Latvijas Kult\u016bras akad\u0113mijas telp\u0101s, kas atrodas Miera iel\u0101 58a, R\u012bg\u0101. Lai nok\u013c\u016btu l\u012bdz izst\u0101dei, j\u0101izmanto centr\u0101l\u0101 ieeja un j\u0101uzk\u0101pj uz otro st\u0101vu. \u0160\u012b atra\u0161an\u0101s vieta ir simboliski noz\u012bm\u012bga, jo t\u0101 atrodas viet\u0101, kur tiek koptas un att\u012bst\u012btas n\u0101kam\u0101s paaudzes kult\u016bras profesion\u0101\u013ci, kas, iesp\u0113jams, ar\u012b saskat\u012bs iedvesmu Podnieka darbos. Izst\u0101des apmekl\u0113jums sniedz iesp\u0113ju ne tikai iepaz\u012bties ar vienu no Latvijas kino le\u0123end\u0101m, bet ar\u012b izbaud\u012bt atmosf\u0113ru, ko veidoju\u0161i m\u0101kslas un kult\u016bras studenti.<\/p>\n<p>Jura Podnieka kino mantojums<\/p>\n<p>Jura Podnieka kino mantojums ir pla\u0161s un daudzveid\u012bgs, ietverot t\u0101dus noz\u012bm\u012bgus darbus k\u0101 &#8220;Pa Latvijas ce\u013ciem&#8221;, &#8220;Pa ce\u013cam uz Zemi&#8221;, &#8220;Skat\u012bt\u0101js&#8221;, &#8220;Dzimtene&#8221;, &#8220;Laika piektais sp\u0101rns&#8221;, &#8220;Vai pils\u0113ta augs?&#8221;, &#8220;M\u016bsu dz\u012bve&#8221;, &#8220;M\u016b\u017eam dz\u012bvie&#8221;, &#8220;Krustt\u0113vs&#8221;, &#8220;Kl\u0101tb\u016btne&#8221;, &#8220;Lidojums&#8221; un daudzas citas filmas. Katra no t\u0101m ir unik\u0101la liec\u012bba par laiku un cilv\u0113kiem, par kuriem Podnieks prata st\u0101st\u012bt ar dzi\u013cu emp\u0101tiju un neviltotu interesi. Vi\u0146a sp\u0113ja ieraudz\u012bt un iem\u016b\u017ein\u0101t paties\u012bbu, bie\u017ei vien skarbos un emocion\u0101li pies\u0101tin\u0101tos br\u012b\u017eos, padar\u012bja vi\u0146a filmas par noz\u012bm\u012bgu kult\u016bras fenomenu. Katra aina, katrs kadrs ir k\u0101 r\u016bp\u012bgi izraudz\u012bta p\u0113rle vi\u0146a v\u0113st\u012bjumu vainag\u0101, kas joproj\u0101m mirdz un iedvesmo skat\u012bt\u0101jus.<\/p>\n<p>Iedvesma un p\u0101rdomas n\u0101kamaj\u0101m paaudz\u0113m<\/p>\n<p>Juris Podnieks bija vair\u0101k nek\u0101 tikai filmu autors; vi\u0146\u0161 bija savas paaudzes aculiecinieks, kur\u0161 drosm\u012bgi un ar lielu aizraut\u012bbu dokument\u0113ja noz\u012bm\u012bgus v\u0113stures mirk\u013cus un cilv\u0113ku likte\u0146us. Vi\u0146a darbi kalpo par iedvesmas avotu ne tikai kino profesion\u0101\u013ciem, bet ar\u012b pla\u0161\u0101kai publikai, rosinot p\u0101rdomas par dz\u012bvi, sabiedr\u012bbu un Latvijas v\u0113sturi. &#8220;Podnieka laiktelpa&#8221; ir aicin\u0101jums ne tikai iepaz\u012bties ar meistara mantojumu, bet ar\u012b sajust vi\u0146a laikmeta garu un vi\u0146a kino sniegto emocion\u0101lo v\u0113st\u012bjumu. \u0160\u012b izst\u0101de ir k\u0101 tilts starp pag\u0101tni un tagadni, kas pal\u012bdz mums lab\u0101k izprast sevi un savu vietu pasaul\u0113 caur Podnieka objekt\u012bvu.<\/p>\n","protected":false},"excerpt":{"rendered":"Atz\u012bm\u0113jot Jura Podnieka 75. dzim\u0161anas dienu, durvis v\u0113ris izst\u0101de &#8220;Podnieka laiktelpa&#8221; \u0160ogad tiek godin\u0101ts izcil\u0101 dokument\u0101l\u0101 kino re\u017eisora&hellip;\n","protected":false},"author":2,"featured_media":22767,"comment_status":"","ping_status":"","sticky":false,"template":"","format":"standard","meta":{"footnotes":""},"categories":[19],"tags":[5803,89,90,7140,1225,35,39,38,36,37,34,1224,40,7141],"class_list":{"0":"post-22766","1":"post","2":"type-post","3":"status-publish","4":"format-standard","5":"has-post-thumbnail","7":"category-izklaide","8":"tag-dokumentalais-kino","9":"tag-entertainment","10":"tag-izklaide","11":"tag-juris-podnieks","12":"tag-kinorezisors","13":"tag-latvia","14":"tag-latvian","15":"tag-latviesu","16":"tag-latviesu-valoda","17":"tag-latviesuvaloda","18":"tag-latvija","19":"tag-latvijas-kulturas-akademija","20":"tag-lv","21":"tag-podnieka-laiktelpa"},"share_on_mastodon":{"url":"","error":""},"_links":{"self":[{"href":"https:\/\/www.europesays.com\/lv\/wp-json\/wp\/v2\/posts\/22766","targetHints":{"allow":["GET"]}}],"collection":[{"href":"https:\/\/www.europesays.com\/lv\/wp-json\/wp\/v2\/posts"}],"about":[{"href":"https:\/\/www.europesays.com\/lv\/wp-json\/wp\/v2\/types\/post"}],"author":[{"embeddable":true,"href":"https:\/\/www.europesays.com\/lv\/wp-json\/wp\/v2\/users\/2"}],"replies":[{"embeddable":true,"href":"https:\/\/www.europesays.com\/lv\/wp-json\/wp\/v2\/comments?post=22766"}],"version-history":[{"count":0,"href":"https:\/\/www.europesays.com\/lv\/wp-json\/wp\/v2\/posts\/22766\/revisions"}],"wp:featuredmedia":[{"embeddable":true,"href":"https:\/\/www.europesays.com\/lv\/wp-json\/wp\/v2\/media\/22767"}],"wp:attachment":[{"href":"https:\/\/www.europesays.com\/lv\/wp-json\/wp\/v2\/media?parent=22766"}],"wp:term":[{"taxonomy":"category","embeddable":true,"href":"https:\/\/www.europesays.com\/lv\/wp-json\/wp\/v2\/categories?post=22766"},{"taxonomy":"post_tag","embeddable":true,"href":"https:\/\/www.europesays.com\/lv\/wp-json\/wp\/v2\/tags?post=22766"}],"curies":[{"name":"wp","href":"https:\/\/api.w.org\/{rel}","templated":true}]}}