{"id":227853,"date":"2026-06-15T21:20:10","date_gmt":"2026-06-15T21:20:10","guid":{"rendered":"https:\/\/www.europesays.com\/lv\/227853\/"},"modified":"2026-06-15T21:20:10","modified_gmt":"2026-06-15T21:20:10","slug":"ukrainas-un-moldovas-iestasanas-es-kas-to-kaveja-kas-mainijies-un-kas-vel-prieksa","status":"publish","type":"post","link":"https:\/\/www.europesays.com\/lv\/227853\/","title":{"rendered":"Ukrainas un Moldovas iest\u0101\u0161an\u0101s ES: kas to kav\u0113ja, kas main\u012bjies un kas v\u0113l priek\u0161\u0101"},"content":{"rendered":"<p>Pirmdien Eiropas Savien\u012bba (ES) ofici\u0101li uzs\u0101ka pievieno\u0161an\u0101s sarunas ar Ukrainu un Moldovu. T\u0101s ir nevis sarunas klasisk\u0101 izpratn\u0113, bet gan process, lai nacion\u0101lo likumdo\u0161anu harmoniz\u0113tu ar ES norm\u0101m. Skaidrojam, k\u0101p\u0113c \u0161is solis sperts tie\u0161i tagad un cik dr\u012bz abas valstis var\u0113tu pievienoties blokam.<\/p>\n<p>Viens no pirmajiem jaut\u0101jumiem, kas var\u0113tu rasties: k\u0101p\u0113c Ukrainas un Moldovas iest\u0101\u0161an\u0101s process sakust\u0113jies tie\u0161i tagad?<\/p>\n","protected":false},"excerpt":{"rendered":"Pirmdien Eiropas Savien\u012bba (ES) ofici\u0101li uzs\u0101ka pievieno\u0161an\u0101s sarunas ar Ukrainu un Moldovu. T\u0101s ir nevis sarunas klasisk\u0101 izpratn\u0113,&hellip;\n","protected":false},"author":2,"featured_media":227854,"comment_status":"","ping_status":"","sticky":false,"template":"","format":"standard","meta":{"footnotes":"","_share_on_mastodon":"0"},"categories":[5],"tags":[23,28,29,514,32,33,22,30,31,35,39,38,36,37,34,40,1453,20,26,27,24,25,2238,276,21],"class_list":["post-227853","post","type-post","status-publish","format-standard","has-post-thumbnail","category-aktualitates","tag-aktualitates","tag-breaking-news","tag-breakingnews","tag-eiropas-savieniba","tag-featured-news","tag-featurednews","tag-headlines","tag-latest-news","tag-latestnews","tag-latvia","tag-latvian","tag-latviesu","tag-latviesu-valoda","tag-latviesuvaloda","tag-latvija","tag-lv","tag-moldova","tag-news","tag-popularakas-zinas","tag-popularakaszinas","tag-top-stories","tag-topstories","tag-tvnet-arvalstis","tag-ukraina","tag-zinas"],"share_on_mastodon":{"url":"https:\/\/pubeurope.com\/@lv\/116756219556107424","error":""},"_links":{"self":[{"href":"https:\/\/www.europesays.com\/lv\/wp-json\/wp\/v2\/posts\/227853","targetHints":{"allow":["GET"]}}],"collection":[{"href":"https:\/\/www.europesays.com\/lv\/wp-json\/wp\/v2\/posts"}],"about":[{"href":"https:\/\/www.europesays.com\/lv\/wp-json\/wp\/v2\/types\/post"}],"author":[{"embeddable":true,"href":"https:\/\/www.europesays.com\/lv\/wp-json\/wp\/v2\/users\/2"}],"replies":[{"embeddable":true,"href":"https:\/\/www.europesays.com\/lv\/wp-json\/wp\/v2\/comments?post=227853"}],"version-history":[{"count":0,"href":"https:\/\/www.europesays.com\/lv\/wp-json\/wp\/v2\/posts\/227853\/revisions"}],"wp:featuredmedia":[{"embeddable":true,"href":"https:\/\/www.europesays.com\/lv\/wp-json\/wp\/v2\/media\/227854"}],"wp:attachment":[{"href":"https:\/\/www.europesays.com\/lv\/wp-json\/wp\/v2\/media?parent=227853"}],"wp:term":[{"taxonomy":"category","embeddable":true,"href":"https:\/\/www.europesays.com\/lv\/wp-json\/wp\/v2\/categories?post=227853"},{"taxonomy":"post_tag","embeddable":true,"href":"https:\/\/www.europesays.com\/lv\/wp-json\/wp\/v2\/tags?post=227853"}],"curies":[{"name":"wp","href":"https:\/\/api.w.org\/{rel}","templated":true}]}}