{"id":228171,"date":"2026-06-16T07:46:26","date_gmt":"2026-06-16T07:46:26","guid":{"rendered":"https:\/\/www.europesays.com\/lv\/228171\/"},"modified":"2026-06-16T07:46:26","modified_gmt":"2026-06-16T07:46:26","slug":"daugavpili-andreja-pumpura-skvera-notiks-tradicionala-vasaras-saulgriezu-ieligosana-lente-lv","status":"publish","type":"post","link":"https:\/\/www.europesays.com\/lv\/228171\/","title":{"rendered":"Daugavpil\u012b Andreja Pumpura skv\u0113r\u0101 notiks tradicion\u0101l\u0101 vasaras saulgrie\u017eu iel\u012bgo\u0161ana\u00a0\u2014\u00a0Lente.lv"},"content":{"rendered":"<p>Vasaras saulgrie\u017eu svin\u012bbas Andreja Pumpura skv\u0113r\u0101<\/p>\n<p>Daugavpil\u012b, Andreja Pumpura skv\u0113r\u0101, piektdien, 19. j\u016bnij\u0101, plkst. 18.30 norisin\u0101sies ikgad\u0113jais vasaras saulgrie\u017eu pas\u0101kums &#8220;Iel\u012bgo\u0161ana&#8221;. K\u0101 inform\u0113 port\u0101ls jauns.lv, pas\u0101kum\u0101 ikvienam b\u016bs iesp\u0113ja iesaist\u012bties l\u012bgot\u0146u dzied\u0101\u0161an\u0101, dej\u0101s un apg\u016bt ar saulgrie\u017eiem noder\u012bg\u0101m prasm\u0113m meistarklas\u0113s. \u0160is pas\u0101kums tiek r\u012bkots, lai saglab\u0101tu un populariz\u0113tu latvisk\u0101s trad\u012bcijas un rad\u012btu sv\u0113tku noska\u0146u.<\/p>\n<p>Meistarklases un rado\u0161\u0101s darbn\u012bcas<\/p>\n<p>Pirms galven\u0101 pas\u0101kuma, jau no plkst. 17.30, Vien\u012bbas nama Trad\u012bciju m\u0101j\u0101 (R\u012bgas iel\u0101 22a) interesenti aicin\u0101ti uz \u0101tr\u0101 J\u0101\u0146u siera gatavo\u0161anas meistarklasi, ko vad\u012bs saimniece Skaidr\u012bte Ka\u013c\u0137e. Vi\u0146a dal\u012bsies pieredz\u0113 par tradicion\u0101lu recep\u0161u apvieno\u0161anu ar m\u016bsdienu dz\u012bves vajadz\u012bb\u0101m, pied\u0101v\u0101jot vienk\u0101r\u0161us un gardus risin\u0101jumus. <\/p>\n<p>Pas\u0101kuma laik\u0101 Andreja Pumpura skv\u0113r\u0101 norisin\u0101sies ar\u012b ozollapu vainagu p\u012b\u0161anas meistarklase Inas Vaikules vad\u012bb\u0101, kurai var l\u012bdzi \u0146emt savus ozola zarus. Maz\u0101kie apmekl\u0113t\u0101ji var\u0113s darin\u0101t rot\u0101jumus no meldriem. Tiem, kas v\u0113las papildin\u0101t savas zin\u0101\u0161anas par tautas trad\u012bcij\u0101m, pieejama b\u016bs ar\u012b meistarklase par ozollapu vainagu p\u012b\u0161anu.<\/p>\n<p>Muzik\u0101lais un deju baud\u012bjums<\/p>\n<p>Par sv\u0113tku noska\u0146u r\u016bp\u0113sies Vien\u012bbas nama folkloras dziesmu un deju kopa &#8220;Sv\u0101tra&#8221;, b\u0113rnu folkloras kopa &#8220;Sv\u0101tri\u0146a&#8221;, folkloras ansamblis &#8220;Dz\u012bsme&#8221;, k\u0101 ar\u012b Jadviga Me\u017eniece kop\u0101 ar viesi no ASV D\u017eenev\u012bvi Andressenu un muzik\u0101li rado\u0161o apvien\u012bbu &#8220;Upis muosys&#8221;. Koncertprogramma sol\u0101s b\u016bt daudzveid\u012bga, pied\u0101v\u0101jot gan J\u0101\u0146u dziesmas, gan kop\u012bgas rota\u013cas un dejas, \u013caujot ikvienam izjust saulgrie\u017eu sv\u0113tku burv\u012bbu.<\/p>\n<p>Praktiski padomi apmekl\u0113t\u0101jiem<\/p>\n<p>Lai nodro\u0161in\u0101tu maksim\u0101lu komfortu pas\u0101kuma apmekl\u0113juma laik\u0101, organizatori aicina l\u012bdzi \u0146emt pledi\u0146u s\u0113d\u0113\u0161anai, lai nesteidz\u012bgi baud\u012btu programmu un kop\u012bgi rad\u012btu sirsn\u012bgu l\u012bgo\u0161anas atmosf\u0113ru. Sliktu laika apst\u0101k\u013cu gad\u012bjum\u0101 pas\u0101kuma da\u013ca var\u0113tu notikt Vien\u012bbas nama telp\u0101s.<\/p>\n<p>Trad\u012bcijas un kop\u012bbas saj\u016bta<\/p>\n<p>\u0160is pas\u0101kums ir da\u013ca no pla\u0161\u0101kas vasaras saulgrie\u017eu svin\u012bbu programmas Daugavpil\u012b, kuras m\u0113r\u0137is ir stiprin\u0101t kop\u012bbas saj\u016btu un nodot latvisk\u0101s trad\u012bcijas jaunaj\u0101m paaudz\u0113m. &#8220;Iel\u012bgo\u0161ana&#8221; Andreja Pumpura skv\u0113r\u0101 ir gaid\u012bts notikums, kas ik gadu pulc\u0113 daudz iedz\u012bvot\u0101ju un viesu, kuri v\u0113las kop\u012bgi sagaid\u012bt gada gar\u0101ko dienu un piedal\u012bties sv\u0113tku noris\u0113s.<\/p>\n","protected":false},"excerpt":{"rendered":"Vasaras saulgrie\u017eu svin\u012bbas Andreja Pumpura skv\u0113r\u0101 Daugavpil\u012b, Andreja Pumpura skv\u0113r\u0101, piektdien, 19. j\u016bnij\u0101, plkst. 18.30 norisin\u0101sies ikgad\u0113jais vasaras&hellip;\n","protected":false},"author":2,"featured_media":228172,"comment_status":"","ping_status":"","sticky":false,"template":"","format":"standard","meta":{"footnotes":"","_share_on_mastodon":"0"},"categories":[12],"tags":[23,39183,28,29,168,32,33,22,39182,30,31,35,39,38,36,37,34,40,20,26,27,24,25,12575,38731,21],"class_list":["post-228171","post","type-post","status-publish","format-standard","has-post-thumbnail","category-latvija","tag-aktualitates","tag-andreja-pumpura-skvers","tag-breaking-news","tag-breakingnews","tag-daugavpils","tag-featured-news","tag-featurednews","tag-headlines","tag-ieligosana","tag-latest-news","tag-latestnews","tag-latvia","tag-latvian","tag-latviesu","tag-latviesu-valoda","tag-latviesuvaloda","tag-latvija","tag-lv","tag-news","tag-popularakas-zinas","tag-popularakaszinas","tag-top-stories","tag-topstories","tag-tradicijas","tag-vasaras-saulgriezi","tag-zinas"],"share_on_mastodon":{"url":"https:\/\/pubeurope.com\/@lv\/116758681067875080","error":""},"_links":{"self":[{"href":"https:\/\/www.europesays.com\/lv\/wp-json\/wp\/v2\/posts\/228171","targetHints":{"allow":["GET"]}}],"collection":[{"href":"https:\/\/www.europesays.com\/lv\/wp-json\/wp\/v2\/posts"}],"about":[{"href":"https:\/\/www.europesays.com\/lv\/wp-json\/wp\/v2\/types\/post"}],"author":[{"embeddable":true,"href":"https:\/\/www.europesays.com\/lv\/wp-json\/wp\/v2\/users\/2"}],"replies":[{"embeddable":true,"href":"https:\/\/www.europesays.com\/lv\/wp-json\/wp\/v2\/comments?post=228171"}],"version-history":[{"count":0,"href":"https:\/\/www.europesays.com\/lv\/wp-json\/wp\/v2\/posts\/228171\/revisions"}],"wp:featuredmedia":[{"embeddable":true,"href":"https:\/\/www.europesays.com\/lv\/wp-json\/wp\/v2\/media\/228172"}],"wp:attachment":[{"href":"https:\/\/www.europesays.com\/lv\/wp-json\/wp\/v2\/media?parent=228171"}],"wp:term":[{"taxonomy":"category","embeddable":true,"href":"https:\/\/www.europesays.com\/lv\/wp-json\/wp\/v2\/categories?post=228171"},{"taxonomy":"post_tag","embeddable":true,"href":"https:\/\/www.europesays.com\/lv\/wp-json\/wp\/v2\/tags?post=228171"}],"curies":[{"name":"wp","href":"https:\/\/api.w.org\/{rel}","templated":true}]}}