{"id":228209,"date":"2026-06-16T08:18:18","date_gmt":"2026-06-16T08:18:18","guid":{"rendered":"https:\/\/www.europesays.com\/lv\/228209\/"},"modified":"2026-06-16T08:18:18","modified_gmt":"2026-06-16T08:18:18","slug":"valgas-hot-shorts-aicina-iepazit-robezas-un-izaicinajumus-starptautiskaja-isfilmu-festivala","status":"publish","type":"post","link":"https:\/\/www.europesays.com\/lv\/228209\/","title":{"rendered":"Valgas Hot Shorts aicina iepaz\u012bt robe\u017eas un izaicin\u0101jumus starptautiskaj\u0101 \u012bsfilmu festiv\u0101l\u0101"},"content":{"rendered":"<p>                        <img fetchpriority=\"high\" decoding=\"async\" width=\"1024\" height=\"576\" src=\"https:\/\/www.europesays.com\/lv\/wp-content\/uploads\/2026\/06\/Still-from-film-The-Dog-1024x576.jpg\" alt=\"\" class=\"wp-image-1006225\"  \/><\/p>\n<p class=\"wp-block-paragraph\">No 3. l\u012bdz 5. j\u016blijam Valgas kult\u016bras centr\u0101 un Valgas-Valkas pils\u0113tvid\u0113 jau tre\u0161o reizi notiks starptautiskais \u012bsfilmu festiv\u0101ls Valga Hot Shorts (VHS).<\/p>\n<p class=\"wp-block-paragraph\">Festiv\u0101ls koncentr\u0113jas uz \u012bsfilm\u0101m k\u0101 neatkar\u012bgu un pilnv\u0113rt\u012bgu filmu m\u0101kslas formu un apvieno filmu veidot\u0101jus, filmu draugus un kult\u016bras entuziastus gan no Igaunijas, gan \u0101rvalst\u012bm, \u0161aj\u0101 Igaunijas dienvidu pierobe\u017eas pils\u0113t\u0101.<\/p>\n<p class=\"wp-block-paragraph\">\u0160\u012b gada festiv\u0101la t\u0113ma ir \u201cRobe\u017eu izaicin\u0101jums\u201d. Taj\u0101 tiks demonstr\u0113tas p\u0113d\u0113jo gadu izcil\u0101k\u0101s \u012bsfilmas, anim\u0101cijas un dokument\u0101l\u0101s filmas, aicinot skat\u012bt\u0101jus p\u0101rdom\u0101t robe\u017eu noz\u012bmi \u2013 kur beidzas iedvesmojo\u0161s izaicin\u0101jums un s\u0101kas nepat\u012bkams pien\u0101kums, k\u0101 noteikt vesel\u012bgas robe\u017eas un k\u0101 atrast l\u012bdzsvaru starp dro\u0161\u012bbu un piedz\u012bvojumiem.<\/p>\n<p>        <img loading=\"lazy\" decoding=\"async\" width=\"1024\" height=\"768\" src=\"https:\/\/www.europesays.com\/lv\/wp-content\/uploads\/2026\/06\/Still-from-film-Room-Number-1024x768.png\" alt=\"\" class=\"wp-image-1006226\"  \/><\/p>\n<p class=\"wp-block-paragraph\">Festiv\u0101ls tiks atverts 3. j\u016blij\u0101 Valgas kult\u016bras centr\u0101, un tr\u012bs dienu laik\u0101 skat\u012bt\u0101jiem tiks prezent\u0113ta galven\u0101 konkursa programma, kas sast\u0101v no \u010detr\u0101m \u012bsfilmu kaset\u0113m un \u012bpa\u0161as somu kulta re\u017eisora \u200b\u200bAki Kaurism\u00e4ki \u012bso st\u0101stu programmas. T\u0101pat paredz\u0113ta jaunie\u0161u veidotu filmu programma, bezmaksas \u0123imenes seanss un vair\u0101ki pas\u0101kumi Valgas-Valkas pils\u0113tvid\u0113, kas aicina iepaz\u012bt dv\u012b\u0146u pils\u0113tas no cita skatupunkta. Festiv\u0101la otr\u0101 diena nosl\u0113gsies ar ball\u012bti Valgas le\u0123end\u0101raj\u0101 un ilgu laiku sl\u0113gtaj\u0101 viesn\u012bc\u0101 S\u00e4de.<\/p>\n<p class=\"wp-block-paragraph\">\u201c\u012asfilmu kasete \u013cauj izjust da\u017e\u0101das emocijas un vienlaikus da\u017e\u0101dus \u0123eogr\u0101fiskus punktus, ce\u013cot cauri vair\u0101kiem da\u017e\u0101diem st\u0101stiem. Piem\u0113ram, \u0123imenes seansam m\u0113s cen\u0161amies izv\u0113l\u0113ties filmas bez v\u0101rdiem, lai ikviens var\u0113tu piedal\u012bties \u0161ajos st\u0101stos neatkar\u012bgi no valodas, kur\u0101 run\u0101,\u201d sac\u012bja festiv\u0101la programmas vad\u012bt\u0101js Johanness L\u00f5hmuss.<\/p>\n<p class=\"wp-block-paragraph\">Festiv\u0101la m\u0113r\u0137auditorija ir jauni un pieaugu\u0161ie filmu entuziasti, k\u0101 ar\u012b ikviens, kur\u0161 v\u0113las atkl\u0101t svaigu starptautisku kino un izbaud\u012bt pierobe\u017eas pils\u0113tas unik\u0101lo atmosf\u0113ru.<\/p>\n<p class=\"wp-block-paragraph\">\u201cValga Hot Shorts aizs\u0101k\u0101s ar v\u0113lmi piev\u0113rsties \u012bsfilm\u0101m k\u0101 atsevi\u0161\u0137ai filmu m\u0101kslas formai. Vienlaikus festiv\u0101ls, kas notiek pierobe\u017eas pils\u0113t\u0101 Valg\u0101, ir ar\u012b sava veida pozit\u012bva tik\u0161an\u0101s vieta starp Igauniju un Latviju. M\u0113s v\u0113l\u0113j\u0101mies savest kop\u0101 labus cilv\u0113kus viet\u0101, kur cit\u0101di netiek organiz\u0113ti filmu festiv\u0101li, lai vi\u0146i var\u0113tu izbaud\u012bt darbus, kas \u0161\u0101d\u0101 kontekst\u0101 nekad iepriek\u0161 nav r\u0101d\u012bti,\u201d sac\u012bja viens no festiv\u0101la iniciatoriem Gerts P\u0113rks.<\/p>\n<p class=\"wp-block-paragraph\">Filmas tiks demonstr\u0113tas Valgas kult\u016bras centr\u0101 (Kesk 1, Valga). Vis\u0101m film\u0101m b\u016bs subtitri igau\u0146u un ang\u013cu valod\u0101.<\/p>\n<p class=\"wp-block-paragraph\">Valga Hot Shorts ir tre\u0161ais starptautiskais \u012bsfilmu festiv\u0101ls, kas radies no v\u0113lmes nov\u0113rt\u0113t \u012bsfilmas un p\u0101rbaud\u012bt filmu festiv\u0101la form\u0101tu vasaras Igaunij\u0101. S\u0101kot ar 2024. gadu, festiv\u0101lu organiz\u0113s MT\u00dc Salafilmiklubi. Pirmais Valga Hot Shorts k\u013cuva iesp\u0113jams, pateicoties Tartu 2024. gada Eiropas kult\u016bras galvaspils\u0113tas mazo projektu atbalstam.<\/p>\n<p><img loading=\"lazy\" decoding=\"async\" width=\"1024\" height=\"683\" data-id=\"1006231\" src=\"https:\/\/www.europesays.com\/lv\/wp-content\/uploads\/2026\/06\/ValgaHotShorts_laupaev_f-1028-1024x683.jpg\" alt=\"\" class=\"wp-image-1006231\"  \/><\/p>\n<p><img loading=\"lazy\" decoding=\"async\" width=\"1024\" height=\"683\" data-id=\"1006228\" src=\"https:\/\/www.europesays.com\/lv\/wp-content\/uploads\/2026\/06\/ValgaHotShorts_laupaev_f-1065-1024x683.jpg\" alt=\"\" class=\"wp-image-1006228\"  \/><\/p>\n<p><img loading=\"lazy\" decoding=\"async\" width=\"1024\" height=\"683\" data-id=\"1006227\" src=\"https:\/\/www.europesays.com\/lv\/wp-content\/uploads\/2026\/06\/ValgaHotShorts_laupaev_f-1110-1024x683.jpg\" alt=\"\" class=\"wp-image-1006227\"  \/><\/p>\n<p><img loading=\"lazy\" decoding=\"async\" width=\"1024\" height=\"683\" data-id=\"1006233\" src=\"https:\/\/www.europesays.com\/lv\/wp-content\/uploads\/2026\/06\/ValgaHotShorts_laupaev_f-1123-1024x683.jpg\" alt=\"\" class=\"wp-image-1006233\"  \/><\/p>\n<p><img loading=\"lazy\" decoding=\"async\" width=\"1024\" height=\"683\" data-id=\"1006230\" src=\"https:\/\/www.europesays.com\/lv\/wp-content\/uploads\/2026\/06\/ValgaHotShorts_laupaev_f-1152-1024x683.jpg\" alt=\"\" class=\"wp-image-1006230\"  \/><\/p>\n<p><img loading=\"lazy\" decoding=\"async\" width=\"1024\" height=\"683\" data-id=\"1006232\" src=\"https:\/\/www.europesays.com\/lv\/wp-content\/uploads\/2026\/06\/ValgaHotShorts_reede_full-1120-1024x683.jpg\" alt=\"\" class=\"wp-image-1006232\"  \/><\/p>\n<p><img loading=\"lazy\" decoding=\"async\" width=\"1024\" height=\"683\" data-id=\"1006229\" src=\"https:\/\/www.europesays.com\/lv\/wp-content\/uploads\/2026\/06\/ValgaHotShorts_reede_full-1124-1024x683.jpg\" alt=\"\" class=\"wp-image-1006229\"  \/><br \/>\n2025.\u00a0gada Starptautiskais \u012bsfilmu festiv\u0101ls Valga Hot Shorts, Fotogr\u0101fs M\u0101rts Kose                    <\/p>\n","protected":false},"excerpt":{"rendered":"No 3. l\u012bdz 5. j\u016blijam Valgas kult\u016bras centr\u0101 un Valgas-Valkas pils\u0113tvid\u0113 jau tre\u0161o reizi notiks starptautiskais \u012bsfilmu festiv\u0101ls&hellip;\n","protected":false},"author":2,"featured_media":228210,"comment_status":"","ping_status":"","sticky":false,"template":"","format":"standard","meta":{"footnotes":"","_share_on_mastodon":"0"},"categories":[19],"tags":[89,39184,90,35,39,38,36,37,34,40,39185,33503,39186,1007,1009],"class_list":["post-228209","post","type-post","status-publish","format-standard","has-post-thumbnail","category-izklaide","tag-entertainment","tag-hotshorts","tag-izklaide","tag-latvia","tag-latvian","tag-latviesu","tag-latviesu-valoda","tag-latviesuvaloda","tag-latvija","tag-lv","tag-starptautiskaisisfilmufestivals","tag-valga","tag-valgaskulturascentrs","tag-valka","tag-valkasnovads"],"share_on_mastodon":{"url":"https:\/\/pubeurope.com\/@lv\/116758807293058528","error":""},"_links":{"self":[{"href":"https:\/\/www.europesays.com\/lv\/wp-json\/wp\/v2\/posts\/228209","targetHints":{"allow":["GET"]}}],"collection":[{"href":"https:\/\/www.europesays.com\/lv\/wp-json\/wp\/v2\/posts"}],"about":[{"href":"https:\/\/www.europesays.com\/lv\/wp-json\/wp\/v2\/types\/post"}],"author":[{"embeddable":true,"href":"https:\/\/www.europesays.com\/lv\/wp-json\/wp\/v2\/users\/2"}],"replies":[{"embeddable":true,"href":"https:\/\/www.europesays.com\/lv\/wp-json\/wp\/v2\/comments?post=228209"}],"version-history":[{"count":0,"href":"https:\/\/www.europesays.com\/lv\/wp-json\/wp\/v2\/posts\/228209\/revisions"}],"wp:featuredmedia":[{"embeddable":true,"href":"https:\/\/www.europesays.com\/lv\/wp-json\/wp\/v2\/media\/228210"}],"wp:attachment":[{"href":"https:\/\/www.europesays.com\/lv\/wp-json\/wp\/v2\/media?parent=228209"}],"wp:term":[{"taxonomy":"category","embeddable":true,"href":"https:\/\/www.europesays.com\/lv\/wp-json\/wp\/v2\/categories?post=228209"},{"taxonomy":"post_tag","embeddable":true,"href":"https:\/\/www.europesays.com\/lv\/wp-json\/wp\/v2\/tags?post=228209"}],"curies":[{"name":"wp","href":"https:\/\/api.w.org\/{rel}","templated":true}]}}