{"id":22854,"date":"2025-10-16T21:20:07","date_gmt":"2025-10-16T21:20:07","guid":{"rendered":"https:\/\/www.europesays.com\/lv\/22854\/"},"modified":"2025-10-16T21:20:07","modified_gmt":"2025-10-16T21:20:07","slug":"tu-man-skaties-acis-un-pec-tam-nosauj-manus-sunus-par-ko-runaja-bauskas-protesta-akcijas-dalibnieki","status":"publish","type":"post","link":"https:\/\/www.europesays.com\/lv\/22854\/","title":{"rendered":"&#8220;Tu man skaties ac\u012bs un p\u0113c tam no\u0161auj manus su\u0146us.&#8221; Par ko run\u0101ja Bauskas protesta akcijas dal\u012bbnieki"},"content":{"rendered":"<p>Skv\u0113r\u0101 pulc\u0113j\u0101s aptuveni 200 cilv\u0113ku, da\u013ca dal\u012bbnieku ieradu\u0161ies ar su\u0146iem, kas mierm\u012bl\u012bgi goz\u0113j\u0101s z\u0101l\u0101j\u0101 un laiski socializ\u0113j\u0101s. Skv\u0113ra st\u016br\u012b ier\u012bkotaj\u0101 improviz\u0113taj\u0101 piemi\u0146as viet\u0101 bija sveces, m\u012bkst\u0101s rota\u013clietas, fotogr\u0101fijas un tr\u012bs su\u0146u b\u013codi\u0146as. Akcijas organizatore, uz\u0146\u0113m\u0113ja <a href=\"https:\/\/www.apollo.lv\/term\/806154\/alma-berzina\" class=\"topicLink\" target=\"_blank\" rel=\"nofollow noopener\">Alma B\u0113rzi\u0146a<\/a>, nesl\u0113pjot dusmas, jaut\u0101jumus uzdod Bauskas novada m\u0113ram Aivaram Ma\u010dekam.<\/p>\n<p>Protest\u0113t\u0101ji v\u0113las skaidr\u012bbu, k\u0101d\u0113\u013c tika nogalin\u0101ti Modra <a href=\"https:\/\/www.apollo.lv\/term\/555532\/suni\" class=\"topicLink\" target=\"_blank\" rel=\"nofollow noopener\">su\u0146i<\/a>, no kuriem divi bija v\u0113l tikai kuc\u0113ni, un pau\u017e ba\u017eas, ka Bauskas novada pa\u0161vald\u012bbas policijas darbinieki ir iesaist\u012bti \u0161aj\u0101 liet\u0101.\u00a0<\/p>\n","protected":false},"excerpt":{"rendered":"Skv\u0113r\u0101 pulc\u0113j\u0101s aptuveni 200 cilv\u0113ku, da\u013ca dal\u012bbnieku ieradu\u0161ies ar su\u0146iem, kas mierm\u012bl\u012bgi goz\u0113j\u0101s z\u0101l\u0101j\u0101 un laiski socializ\u0113j\u0101s. Skv\u0113ra&hellip;\n","protected":false},"author":2,"featured_media":22855,"comment_status":"","ping_status":"","sticky":false,"template":"","format":"standard","meta":{"footnotes":""},"categories":[12],"tags":[7156,23,7155,6879,28,29,32,33,22,30,31,35,39,38,36,37,34,40,6072,20,26,27,5942,24,25,900,1994,21],"class_list":{"0":"post-22854","1":"post","2":"type-post","3":"status-publish","4":"format-standard","5":"has-post-thumbnail","7":"category-latvija","8":"tag-aivars-maceks","9":"tag-aktualitates","10":"tag-alma-berzina","11":"tag-bauskas-novads","12":"tag-breaking-news","13":"tag-breakingnews","14":"tag-featured-news","15":"tag-featurednews","16":"tag-headlines","17":"tag-latest-news","18":"tag-latestnews","19":"tag-latvia","20":"tag-latvian","21":"tag-latviesu","22":"tag-latviesu-valoda","23":"tag-latviesuvaloda","24":"tag-latvija","25":"tag-lv","26":"tag-modris-konovalovs","27":"tag-news","28":"tag-popularakas-zinas","29":"tag-popularakaszinas","30":"tag-suni","31":"tag-top-stories","32":"tag-topstories","33":"tag-tvnet-cilvekstasti","34":"tag-video","35":"tag-zinas"},"share_on_mastodon":{"url":"","error":""},"_links":{"self":[{"href":"https:\/\/www.europesays.com\/lv\/wp-json\/wp\/v2\/posts\/22854","targetHints":{"allow":["GET"]}}],"collection":[{"href":"https:\/\/www.europesays.com\/lv\/wp-json\/wp\/v2\/posts"}],"about":[{"href":"https:\/\/www.europesays.com\/lv\/wp-json\/wp\/v2\/types\/post"}],"author":[{"embeddable":true,"href":"https:\/\/www.europesays.com\/lv\/wp-json\/wp\/v2\/users\/2"}],"replies":[{"embeddable":true,"href":"https:\/\/www.europesays.com\/lv\/wp-json\/wp\/v2\/comments?post=22854"}],"version-history":[{"count":0,"href":"https:\/\/www.europesays.com\/lv\/wp-json\/wp\/v2\/posts\/22854\/revisions"}],"wp:featuredmedia":[{"embeddable":true,"href":"https:\/\/www.europesays.com\/lv\/wp-json\/wp\/v2\/media\/22855"}],"wp:attachment":[{"href":"https:\/\/www.europesays.com\/lv\/wp-json\/wp\/v2\/media?parent=22854"}],"wp:term":[{"taxonomy":"category","embeddable":true,"href":"https:\/\/www.europesays.com\/lv\/wp-json\/wp\/v2\/categories?post=22854"},{"taxonomy":"post_tag","embeddable":true,"href":"https:\/\/www.europesays.com\/lv\/wp-json\/wp\/v2\/tags?post=22854"}],"curies":[{"name":"wp","href":"https:\/\/api.w.org\/{rel}","templated":true}]}}