{"id":22856,"date":"2025-10-16T21:21:09","date_gmt":"2025-10-16T21:21:09","guid":{"rendered":"https:\/\/www.europesays.com\/lv\/22856\/"},"modified":"2025-10-16T21:21:09","modified_gmt":"2025-10-16T21:21:09","slug":"foto-bralu-abelu-filmas-dieva-suns-valskiguma-noskanas-atklats-rigas-starptautiskais-kinofestivals-sejas-lv","status":"publish","type":"post","link":"https:\/\/www.europesays.com\/lv\/22856\/","title":{"rendered":"FOTO Br\u0101\u013cu \u0100be\u013cu filmas &quot;Dieva suns&quot; val\u0161\u0137\u012bguma noska\u0146\u0101s atkl\u0101ts R\u012bgas Starptautiskais kinofestiv\u0101ls &#8211; Sejas.lv"},"content":{"rendered":"<ol>\n<li><a href=\"https:\/\/news.google.com\/rss\/articles\/CBMiyAFBVV95cUxPTE9IeGluV1lpQ1N5dVFfdlF3SlU3ZEFjRDJLaTB5dHpjZnMyb19FcUEtZEg5cG1HWHNyS2pwd3dSeXVqZkYwME1EQnE0aWxEWi1IUENzWFlnd0huRXhOM0o3OHNHNWN4VWs3LXJNcjhNa0t4VDZKd3prMUxrYnpmTmdxRUFSZEFva0g1ODZ4dk5SQUdWeHRuTjZSWW9ZaXZRQVhwN3MzeGQ0R3hjcEx2b25oLVJUOTl5N1JDbmtvNDZzOERoRkpYUw?oc=5\" target=\"_blank\" rel=\"nofollow noopener\">FOTO Br\u0101\u013cu \u0100be\u013cu filmas &#8220;Dieva suns&#8221; val\u0161\u0137\u012bguma noska\u0146\u0101s atkl\u0101ts R\u012bgas Starptautiskais kinofestiv\u0101ls<\/a>&nbsp;&nbsp;Sejas.lv<\/li>\n<li><a href=\"https:\/\/news.google.com\/rss\/articles\/CBMi0gFBVV95cUxONVRSdUlWNGJ3NG4tcmJQV3NqMWJuZmVRcEV6ai1Mejl2S0ZiMW1pQ2c1SldxX0U2bFZpd1NRcDFWRnZHd1Q3NklaVFQtRHR3eEdzV3VNR2o4RlM2UU5xVnp6TjV4QmNlRmMwWHltamlWc05QTzZuMnMya29ycHIwbmtPeTJweEpWMDZQSGVfZk5DeFUtblpFQl9hcTRkM0l5STAzbXNFSEVqcnRGRVNkWlFBZURhdlA4NFBTNGoxZk8xYW1SXzFyTmFDaHZzUDZoalE?oc=5\" target=\"_blank\" rel=\"nofollow noopener\">VIDEO: R\u012bgas Starptautisk\u0101 kino festiv\u0101la atkl\u0101\u0161ana \u2013 melnais pakl\u0101js \/ Raksts<\/a>&nbsp;&nbsp;LSM<\/li>\n<li><a href=\"https:\/\/news.google.com\/rss\/articles\/CBMisAFBVV95cUxNNlpCWnJVb0dWRDF0UjhDSjJzZjdQMTFTa1N4VlNNLV8yeFhkN05ROHVTczZuRHh1ZzFsZENGeVRNS1JkRElqWmd2MVowT2FtcEdTaTBmUzZkTlNydnVKRjZBOVNRRy1QLVJIcGtGbHliaDdnaDJwMXUyc29OMm1jd0FtWjRJYW5nNFAzdTFjTnlYblNGc1plMWJHYWVEMjc0QWNMdkRPRTM0aXhGc25IUw?oc=5\" target=\"_blank\" rel=\"nofollow noopener\">Aizraujo\u0161s kino, kas main\u012bs skat\u012bt\u0101ju, \u2013 s\u0101cies R\u012bgas Starptautiskais kino festiv\u0101ls<\/a>&nbsp;&nbsp;Sejas.lv<\/li>\n<li><a href=\"https:\/\/news.google.com\/rss\/articles\/CBMi7gFBVV95cUxOWkhnV1BRU0tCT1lkWjQxNWtMVWMyTXR2eFE1QVlSMkl5NFRRSXpib0laTVU3X2FTWnk3MS1fUFpLT1JDM0V5VGFBRVZ6cFdpQkl6TEpkRlVKUnBZeEV0MGdUTld0cG1TaDR0c3dXTi1CWWMtS3J5WU8wMG12NkZJbVNZei1wQmg5WFM5SUYxNHQwZktWS2VUZXRBdG93SFRSak9aSElrQ3dTcDdnZi1ySGZOaEd1WmxXNE9qNmFnQ0dBdEl5Z3N1S196SU1lTkJYSUJDOGpQNG1JZkxYRWJybXhxTXhEV1ZtcTZXRkNB?oc=5\" target=\"_blank\" rel=\"nofollow noopener\">Katra deta\u013ca ir svar\u012bga. Intervija ar R\u012bgas Starptautisk\u0101 kinofestiv\u0101la Riga IFF vad\u012bt\u0101ju Lieni Treimani<\/a>&nbsp;&nbsp;Diena<\/li>\n<li><a href=\"https:\/\/news.google.com\/rss\/articles\/CBMi1AFBVV95cUxQR096OEN6Y3VfbjJRTEhlaGRvdXIydzZoYTU4TEg4ODJuT1BwbVktMjEtYTNkV0hPU2RxWnJ0ZlJkY3A0VEdVSTMxNXRVdHJRbHpTcUE0cE5Wd1c2ajBCYU9MNmhnRWhBeDk0dmY1ZEJHMzRFaURLdl9mbkE0MWI3Wm15bWJhNHVkcjJMbUtEMnNZUjNwd2RocEdHVnVXUmxxMmtuN0F2SC1KLTFRMVV6dVZ1akVmRU9FWjRRWHpnNDYzNXdaWkZDSjVlb3l5blQ1V3BoWg?oc=5\" target=\"_blank\" rel=\"nofollow noopener\">Noskaties! Br\u0101\u013cu \u0100be\u013cu anim\u0101cija pieaugu\u0161ajiem \u2013 &#8220;Dieva suns&#8221; piedz\u012bvos R\u012bgas pirmizr\u0101di<\/a>&nbsp;&nbsp;Delfi<\/li>\n<\/ol>\n","protected":false},"excerpt":{"rendered":"FOTO Br\u0101\u013cu \u0100be\u013cu filmas &#8220;Dieva suns&#8221; val\u0161\u0137\u012bguma noska\u0146\u0101s atkl\u0101ts R\u012bgas Starptautiskais kinofestiv\u0101ls&nbsp;&nbsp;Sejas.lv VIDEO: R\u012bgas Starptautisk\u0101 kino festiv\u0101la atkl\u0101\u0161ana&hellip;\n","protected":false},"author":2,"featured_media":22857,"comment_status":"","ping_status":"","sticky":false,"template":"","format":"standard","meta":{"footnotes":""},"categories":[5],"tags":[23,63,65,28,29,60,32,33,59,22,70,64,30,31,35,39,38,36,37,34,40,68,20,26,27,69,66,67,24,25,62,21,61],"class_list":{"0":"post-22856","1":"post","2":"type-post","3":"status-publish","4":"format-standard","5":"has-post-thumbnail","7":"category-aktualitates","8":"tag-aktualitates","9":"tag-arvalstis","10":"tag-auto","11":"tag-breaking-news","12":"tag-breakingnews","13":"tag-egoiste","14":"tag-featured-news","15":"tag-featurednews","16":"tag-financenet","17":"tag-headlines","18":"tag-klik","19":"tag-kultura","20":"tag-latest-news","21":"tag-latestnews","22":"tag-latvia","23":"tag-latvian","24":"tag-latviesu","25":"tag-latviesu-valoda","26":"tag-latviesuvaloda","27":"tag-latvija","28":"tag-lv","29":"tag-maja","30":"tag-news","31":"tag-popularakas-zinas","32":"tag-popularakaszinas","33":"tag-receptes","34":"tag-sejas","35":"tag-sports","36":"tag-top-stories","37":"tag-topstories","38":"tag-viedokli","39":"tag-zinas","40":"tag-zinatne"},"share_on_mastodon":{"url":"","error":""},"_links":{"self":[{"href":"https:\/\/www.europesays.com\/lv\/wp-json\/wp\/v2\/posts\/22856","targetHints":{"allow":["GET"]}}],"collection":[{"href":"https:\/\/www.europesays.com\/lv\/wp-json\/wp\/v2\/posts"}],"about":[{"href":"https:\/\/www.europesays.com\/lv\/wp-json\/wp\/v2\/types\/post"}],"author":[{"embeddable":true,"href":"https:\/\/www.europesays.com\/lv\/wp-json\/wp\/v2\/users\/2"}],"replies":[{"embeddable":true,"href":"https:\/\/www.europesays.com\/lv\/wp-json\/wp\/v2\/comments?post=22856"}],"version-history":[{"count":0,"href":"https:\/\/www.europesays.com\/lv\/wp-json\/wp\/v2\/posts\/22856\/revisions"}],"wp:featuredmedia":[{"embeddable":true,"href":"https:\/\/www.europesays.com\/lv\/wp-json\/wp\/v2\/media\/22857"}],"wp:attachment":[{"href":"https:\/\/www.europesays.com\/lv\/wp-json\/wp\/v2\/media?parent=22856"}],"wp:term":[{"taxonomy":"category","embeddable":true,"href":"https:\/\/www.europesays.com\/lv\/wp-json\/wp\/v2\/categories?post=22856"},{"taxonomy":"post_tag","embeddable":true,"href":"https:\/\/www.europesays.com\/lv\/wp-json\/wp\/v2\/tags?post=22856"}],"curies":[{"name":"wp","href":"https:\/\/api.w.org\/{rel}","templated":true}]}}