{"id":22866,"date":"2025-10-16T21:29:08","date_gmt":"2025-10-16T21:29:08","guid":{"rendered":"https:\/\/www.europesays.com\/lv\/22866\/"},"modified":"2025-10-16T21:29:08","modified_gmt":"2025-10-16T21:29:08","slug":"kamaninu-sporta-sezona-saksies-sestdien-sigulda-ar-prezidenta-kausu-ziemas-sports-sportacentrs-com","status":"publish","type":"post","link":"https:\/\/www.europesays.com\/lv\/22866\/","title":{"rendered":"Kamani\u0146u sporta sezona s\u0101ksies sestdien Siguld\u0101 ar &#8220;Prezidenta kausu&#8221; \u2013 Ziemas sports \u2013 Sportacentrs.com"},"content":{"rendered":"<p>Pas\u0101kums ik gadu pulc\u0113 gan jaunos sportistus, gan Latvijas izlases l\u012bderus, kuri sezonas ievad\u0101 p\u0101rbauda savu gatav\u012bbu pirms pirmajiem startiem uz ledus. \u0160ogad sacens\u012bb\u0101m pieteiku\u0161ies 101 dal\u012bbnieks \u2013 no 8 gadus jauniem kamani\u0146u brauc\u0113jiem l\u012bdz elites sportistiem, kas p\u0101rst\u0101v Latviju pasaules tras\u0113s.<\/p>\n<p>\u201cPrezidenta kauss\u201d ir \u012bpa\u0161as sacens\u012bbas, kas \u013cauj sportistiem p\u0101rbaud\u012bt starta r\u0101viena tehniku un \u0101trumu \u2013 vienu no kamani\u0146u sporta vissvar\u012bg\u0101kajiem elementiem.<\/p>\n<p>Divi starta m\u0113\u0123in\u0101jumi katr\u0101 grup\u0101 nosaka \u0101tr\u0101kos un prec\u012bz\u0101kos brauc\u0113jus, savuk\u0101rt kopv\u0113rt\u0113jum\u0101 tiek summ\u0113ti abu m\u0113\u0123in\u0101jumu rezult\u0101ti.<\/p>\n<p>Skat\u012bt\u0101jiem \u0161\u012b ir reta iesp\u0113ja redz\u0113t sportistus kl\u0101tien\u0113, aprun\u0101ties, ieg\u016bt autogr\u0101fu vai kop\u012bgu foto, k\u0101 ar\u012b sajust \u012bsto kamani\u0146u sporta atmosf\u0113ru.<\/p>\n<p>Kristaps Mauri\u0146\u0161, LKSF \u0123ener\u0101lsekret\u0101rs:<\/p>\n<p>&#8220;Prezidenta kausa sacens\u012bbas starta r\u0101vienos ir k\u013cuvu\u0161as par skaistu trad\u012bciju, ar kuru ik gadu atkl\u0101jam kamani\u0146u sporta sezonu. Ruden\u012b, v\u0113l pirms pirmaj\u0101m sacens\u012bb\u0101m tras\u0113, sportisti sacen\u0161as Siguldas m\u0101ksl\u012bg\u0101 ledus starta estak\u0101d\u0113, lai noskaidrotu \u0101tr\u0101kos starta izpild\u012bt\u0101jus.<\/p>\n<p>\u0160ogad, uzs\u0101kot olimpisko sezonu, sacens\u012bb\u0101m pieteiku\u0161ies vair\u0101k nek\u0101 simts sportisti \u2013 gan jaun\u0101kie dal\u012bbnieki, gan Latvijas izlases l\u012bderi. Kl\u0101tien\u0113 skat\u012bt\u0101jiem b\u016bs lieliska iesp\u0113ja redz\u0113t m\u016bsu komandu pirms do\u0161an\u0101s uz Kort\u012bnu, kur oktobra beig\u0101s paredz\u0113ts iem\u0113\u0123in\u0101t 2026. gada olimpisko trasi.\u201d<\/p>\n<p>Programma:<br \/>10:00 V\u012brie\u0161i, juniori, jaunie\u0161i \u201cA\u201d<br \/>10:40 Sievietes, juniores, jaunietes \u201cA\u201d<br \/>11:15 Divviet\u012bg\u0101s ekip\u0101\u017eas (v\u012brie\u0161i, sievietes, juniori, jaunie\u0161i \u201cA\u201d)<br \/>11:40 Jaunie\u0161i \u201cB\u201d, \u201cC\u201d, \u201cD\u201d<br \/>12:40 Jaunietes \u201cB\u201d, \u201cC\u201d, \u201cD\u201d<br \/>13:15 Sacens\u012bbu nosl\u0113gums<br \/>13:30 Apbalvo\u0161anas ceremonija<\/p>\n<p>Izmantotie resursi:<br \/><a target=\"_blank\" href=\"http:\/\/www.kamanas.lv\" rel=\"nofollow noopener\">kamanas.lv<\/a><\/p>\n","protected":false},"excerpt":{"rendered":"Pas\u0101kums ik gadu pulc\u0113 gan jaunos sportistus, gan Latvijas izlases l\u012bderus, kuri sezonas ievad\u0101 p\u0101rbauda savu gatav\u012bbu pirms&hellip;\n","protected":false},"author":2,"featured_media":22867,"comment_status":"","ping_status":"","sticky":false,"template":"","format":"standard","meta":{"footnotes":""},"categories":[17],"tags":[35,39,38,36,37,34,40,67,620],"class_list":{"0":"post-22866","1":"post","2":"type-post","3":"status-publish","4":"format-standard","5":"has-post-thumbnail","7":"category-sports","8":"tag-latvia","9":"tag-latvian","10":"tag-latviesu","11":"tag-latviesu-valoda","12":"tag-latviesuvaloda","13":"tag-latvija","14":"tag-lv","15":"tag-sports","16":"tag-ziemas-sports"},"share_on_mastodon":{"url":"","error":""},"_links":{"self":[{"href":"https:\/\/www.europesays.com\/lv\/wp-json\/wp\/v2\/posts\/22866","targetHints":{"allow":["GET"]}}],"collection":[{"href":"https:\/\/www.europesays.com\/lv\/wp-json\/wp\/v2\/posts"}],"about":[{"href":"https:\/\/www.europesays.com\/lv\/wp-json\/wp\/v2\/types\/post"}],"author":[{"embeddable":true,"href":"https:\/\/www.europesays.com\/lv\/wp-json\/wp\/v2\/users\/2"}],"replies":[{"embeddable":true,"href":"https:\/\/www.europesays.com\/lv\/wp-json\/wp\/v2\/comments?post=22866"}],"version-history":[{"count":0,"href":"https:\/\/www.europesays.com\/lv\/wp-json\/wp\/v2\/posts\/22866\/revisions"}],"wp:featuredmedia":[{"embeddable":true,"href":"https:\/\/www.europesays.com\/lv\/wp-json\/wp\/v2\/media\/22867"}],"wp:attachment":[{"href":"https:\/\/www.europesays.com\/lv\/wp-json\/wp\/v2\/media?parent=22866"}],"wp:term":[{"taxonomy":"category","embeddable":true,"href":"https:\/\/www.europesays.com\/lv\/wp-json\/wp\/v2\/categories?post=22866"},{"taxonomy":"post_tag","embeddable":true,"href":"https:\/\/www.europesays.com\/lv\/wp-json\/wp\/v2\/tags?post=22866"}],"curies":[{"name":"wp","href":"https:\/\/api.w.org\/{rel}","templated":true}]}}