{"id":22898,"date":"2025-10-16T21:59:15","date_gmt":"2025-10-16T21:59:15","guid":{"rendered":"https:\/\/www.europesays.com\/lv\/22898\/"},"modified":"2025-10-16T21:59:15","modified_gmt":"2025-10-16T21:59:15","slug":"sezonu-rezultativi-sakusais-balcers-traumas-del-ilgaku-laiku-nespeles","status":"publish","type":"post","link":"https:\/\/www.europesays.com\/lv\/22898\/","title":{"rendered":"Sezonu rezultat\u012bvi s\u0101ku\u0161ais Balcers traumas d\u0113\u013c ilg\u0101ku laiku nesp\u0113l\u0113s"},"content":{"rendered":"<p>&#8220;Lions&#8221; v\u0113sta, ka 28 gadus vecais Balcers traumas d\u0113\u013c nevar\u0113s sp\u0113l\u0113t asto\u0146as l\u012bdz desmit ned\u0113\u013cas.<\/p>\n<p>Latvijas hokejists \u0137erme\u0146a aug\u0161da\u013cas traumu guva Starptautisk\u0101s Ledus hokeja feder\u0101cijas (IIHF) \u010cempionu l\u012bgas ma\u010d\u0101 pret Tamperes &#8220;Ilves&#8221;.<\/p>\n<p>Balcers \u0161osezon \u0160veices augst\u0101k\u0101s l\u012bgas \u010dempion\u0101t\u0101 11 sp\u0113l\u0113s guvis septi\u0146us v\u0101rtus un veicis \u010detras rezultat\u012bvas piesp\u0113les (7+4).<\/p>\n<p>Savuk\u0101rt se\u0161os \u010cempionu l\u012bgas ma\u010dos Balcers \u0161osezon atz\u012bm\u0113jies ar \u010detriem rezultativit\u0101tes punktiem.<\/p>\n<p>Latvijas izlasei novembr\u012b paredz\u0113ts p\u0101rbaudes turn\u012brs V\u0101cij\u0101, kur paredz\u0113ti ma\u010di pret m\u0101jiniekiem, k\u0101 ar\u012b pret Slov\u0101kiju un Austriju.<\/p>\n<p>Valstsvien\u012bbai febru\u0101r\u012b paredz\u0113ta dal\u012bba Mil\u0101nas\u2013Kort\u012bnas ziemas olimpiskaj\u0101s sp\u0113l\u0113s, kur grupu turn\u012br\u0101 b\u016bs j\u0101sp\u0113kojas ar ASV, V\u0101ciju un D\u0101niju.<\/p>\n<p>L\u012bdz ar to noprotams, ka Balcers noteikti nevar\u0113s piedal\u012bties p\u0101rbaudes turn\u012br\u0101 V\u0101ciju, bet l\u012bdz olimpiskaj\u0101m sp\u0113l\u0113m vi\u0146\u0161 var\u0113tu b\u016bt atlabis.<\/p>\n","protected":false},"excerpt":{"rendered":"&#8220;Lions&#8221; v\u0113sta, ka 28 gadus vecais Balcers traumas d\u0113\u013c nevar\u0113s sp\u0113l\u0113t asto\u0146as l\u012bdz desmit ned\u0113\u013cas. Latvijas hokejists \u0137erme\u0146a&hellip;\n","protected":false},"author":2,"featured_media":6144,"comment_status":"","ping_status":"","sticky":false,"template":"","format":"standard","meta":{"footnotes":""},"categories":[17],"tags":[836,838,394,721,35,39,38,36,37,34,40,2717,67],"class_list":{"0":"post-22898","1":"post","2":"type-post","3":"status-publish","4":"format-standard","5":"has-post-thumbnail","7":"category-sports","8":"tag-hokeja-jaunumi","9":"tag-hokejisti-arzemes","10":"tag-hokejs","11":"tag-hokejs-pasaule","12":"tag-latvia","13":"tag-latvian","14":"tag-latviesu","15":"tag-latviesu-valoda","16":"tag-latviesuvaloda","17":"tag-latvija","18":"tag-lv","19":"tag-rudolfs-balcers","20":"tag-sports"},"share_on_mastodon":{"url":"","error":""},"_links":{"self":[{"href":"https:\/\/www.europesays.com\/lv\/wp-json\/wp\/v2\/posts\/22898","targetHints":{"allow":["GET"]}}],"collection":[{"href":"https:\/\/www.europesays.com\/lv\/wp-json\/wp\/v2\/posts"}],"about":[{"href":"https:\/\/www.europesays.com\/lv\/wp-json\/wp\/v2\/types\/post"}],"author":[{"embeddable":true,"href":"https:\/\/www.europesays.com\/lv\/wp-json\/wp\/v2\/users\/2"}],"replies":[{"embeddable":true,"href":"https:\/\/www.europesays.com\/lv\/wp-json\/wp\/v2\/comments?post=22898"}],"version-history":[{"count":0,"href":"https:\/\/www.europesays.com\/lv\/wp-json\/wp\/v2\/posts\/22898\/revisions"}],"wp:featuredmedia":[{"embeddable":true,"href":"https:\/\/www.europesays.com\/lv\/wp-json\/wp\/v2\/media\/6144"}],"wp:attachment":[{"href":"https:\/\/www.europesays.com\/lv\/wp-json\/wp\/v2\/media?parent=22898"}],"wp:term":[{"taxonomy":"category","embeddable":true,"href":"https:\/\/www.europesays.com\/lv\/wp-json\/wp\/v2\/categories?post=22898"},{"taxonomy":"post_tag","embeddable":true,"href":"https:\/\/www.europesays.com\/lv\/wp-json\/wp\/v2\/tags?post=22898"}],"curies":[{"name":"wp","href":"https:\/\/api.w.org\/{rel}","templated":true}]}}