{"id":22991,"date":"2025-10-17T03:21:06","date_gmt":"2025-10-17T03:21:06","guid":{"rendered":"https:\/\/www.europesays.com\/lv\/22991\/"},"modified":"2025-10-17T03:21:06","modified_gmt":"2025-10-17T03:21:06","slug":"vai-donalds-tramps-tiesam-panacis-istu-mieru-tuvajos-austrumos-komandcentra-pulksten-10","status":"publish","type":"post","link":"https:\/\/www.europesays.com\/lv\/22991\/","title":{"rendered":"Vai Donalds Tramps tie\u0161\u0101m pan\u0101cis \u012bstu mieru Tuvajos Austrumos? &#8220;Komandcentr\u0101&#8221; pulksten 10"},"content":{"rendered":"<p>Oktobr\u012b aprit jau divi gadi kop\u0161 &#8220;Ham\u0101s&#8221; teroristu grup\u0113juma asi\u0146ain\u0101 iebrukuma Izra\u0113l\u0101, kam sekojusi ilga un asi\u0146aina karadarb\u012bba starp <a rel=\"noopener nofollow\" target=\"_blank\" href=\"https:\/\/www.delfi.lv\/temas\/36088888\/izraela\" tag-id=\"36088888\">Izra\u0113las<\/a> bru\u0146otajiem sp\u0113kiem un &#8220;Ham\u0101s&#8221; atbalst\u012bt\u0101jiem Gazas josl\u0101. Tagad jaunu miera pl\u0101nu pied\u0101v\u0101jis ASV prezidents <a rel=\"noopener nofollow\" target=\"_blank\" href=\"https:\/\/www.delfi.lv\/temas\/42006990\/donalds-tramps\" tag-id=\"42006990\">Donalds Tramps<\/a> un tas ar\u012b pie\u0146emts. Ko \u0161is pl\u0101ns paredz? Vai miers ir iesp\u0113jams ilgtermi\u0146\u0101? Vai Izra\u0113las reakcija uz iebrukumu bijusi sam\u0113r\u012bga? K\u0101d\u0113\u013c vair\u0101kas Eiropas valstis tagad atz\u012bst <a rel=\"noopener nofollow\" target=\"_blank\" href=\"https:\/\/www.delfi.lv\/temas\/40946547\/palestina-0\" tag-id=\"40946547\">Palest\u012bnas<\/a> valsti? Par to Ansis \u012av\u0101ns pulksten 10 raid\u012bjum\u0101 &#8220;Komandcentrs&#8221; run\u0101 ar anal\u012btikas un vad\u012bbas grupas &#8220;Powerhouse Latvia&#8221; vec\u0101ko p\u0113tnieci, Latvijas \u0100rpolitikas instit\u016bta Tuvo Austrumu p\u0113tniec\u012bbas programmas vad\u012bt\u0101ju Sintiju Broku-Kovalevsku un v\u0113sturnieku, muzeja &#8220;Ebreji Latvij\u0101&#8221; direktoru I\u013cju \u013benski.<\/p>\n<p class=\"m-0\">Seko &#8220;Delfi&#8221; ar\u012b  <a target=\"_blank\" href=\"https:\/\/www.instagram.com\/delfi.lv\/\" rel=\"nofollow noopener\">Instagram<\/a>  un <a target=\"_blank\" href=\"https:\/\/www.youtube.com\/channel\/UCw5foWtcJvAbUm64rv7jwUQ\" rel=\"nofollow noopener\">YouTube<\/a>  profil\u0101 \u2013 pievienojies, lai uzzin\u0101tu svar\u012bg\u0101ko un interesant\u0101ko pirmais!<\/p>\n<p>Publik\u0101cijas saturs vai t\u0101s jebk\u0101da apjoma da\u013ca ir aizsarg\u0101ts autorties\u012bbu objekts Autorties\u012bbu likuma izpratn\u0113, un t\u0101 izmanto\u0161ana bez izdev\u0113ja at\u013caujas ir aizliegta. Vair\u0101k lasi  <a target=\"_blank\" href=\"https:\/\/www.delfi.lv\/noteikumi#autortiesibas\" rel=\"nofollow noopener\">\u0161eit<\/a><script async src=\"\/\/www.instagram.com\/embed.js\"><\/script><\/p>\n","protected":false},"excerpt":{"rendered":"Oktobr\u012b aprit jau divi gadi kop\u0161 &#8220;Ham\u0101s&#8221; teroristu grup\u0113juma asi\u0146ain\u0101 iebrukuma Izra\u0113l\u0101, kam sekojusi ilga un asi\u0146aina karadarb\u012bba&hellip;\n","protected":false},"author":2,"featured_media":22992,"comment_status":"","ping_status":"","sticky":false,"template":"","format":"standard","meta":{"footnotes":""},"categories":[5],"tags":[23,28,29,542,32,33,1274,7197,22,493,30,31,35,39,38,36,37,34,40,20,488,4955,26,27,24,25,21],"class_list":{"0":"post-22991","1":"post","2":"type-post","3":"status-publish","4":"format-standard","5":"has-post-thumbnail","7":"category-aktualitates","8":"tag-aktualitates","9":"tag-breaking-news","10":"tag-breakingnews","11":"tag-donalds-tramps","12":"tag-featured-news","13":"tag-featurednews","14":"tag-gazas-josla","15":"tag-hamas-uzbrukums-izraelai-2023","16":"tag-headlines","17":"tag-izraela","18":"tag-latest-news","19":"tag-latestnews","20":"tag-latvia","21":"tag-latvian","22":"tag-latviesu","23":"tag-latviesu-valoda","24":"tag-latviesuvaloda","25":"tag-latvija","26":"tag-lv","27":"tag-news","28":"tag-palestina","29":"tag-par-aktualo","30":"tag-popularakas-zinas","31":"tag-popularakaszinas","32":"tag-top-stories","33":"tag-topstories","34":"tag-zinas"},"share_on_mastodon":{"url":"","error":""},"_links":{"self":[{"href":"https:\/\/www.europesays.com\/lv\/wp-json\/wp\/v2\/posts\/22991","targetHints":{"allow":["GET"]}}],"collection":[{"href":"https:\/\/www.europesays.com\/lv\/wp-json\/wp\/v2\/posts"}],"about":[{"href":"https:\/\/www.europesays.com\/lv\/wp-json\/wp\/v2\/types\/post"}],"author":[{"embeddable":true,"href":"https:\/\/www.europesays.com\/lv\/wp-json\/wp\/v2\/users\/2"}],"replies":[{"embeddable":true,"href":"https:\/\/www.europesays.com\/lv\/wp-json\/wp\/v2\/comments?post=22991"}],"version-history":[{"count":0,"href":"https:\/\/www.europesays.com\/lv\/wp-json\/wp\/v2\/posts\/22991\/revisions"}],"wp:featuredmedia":[{"embeddable":true,"href":"https:\/\/www.europesays.com\/lv\/wp-json\/wp\/v2\/media\/22992"}],"wp:attachment":[{"href":"https:\/\/www.europesays.com\/lv\/wp-json\/wp\/v2\/media?parent=22991"}],"wp:term":[{"taxonomy":"category","embeddable":true,"href":"https:\/\/www.europesays.com\/lv\/wp-json\/wp\/v2\/categories?post=22991"},{"taxonomy":"post_tag","embeddable":true,"href":"https:\/\/www.europesays.com\/lv\/wp-json\/wp\/v2\/tags?post=22991"}],"curies":[{"name":"wp","href":"https:\/\/api.w.org\/{rel}","templated":true}]}}