{"id":22999,"date":"2025-10-17T03:33:10","date_gmt":"2025-10-17T03:33:10","guid":{"rendered":"https:\/\/www.europesays.com\/lv\/22999\/"},"modified":"2025-10-17T03:33:10","modified_gmt":"2025-10-17T03:33:10","slug":"tam-ir-divi-galvenie-iemesli","status":"publish","type":"post","link":"https:\/\/www.europesays.com\/lv\/22999\/","title":{"rendered":"tam ir divi galvenie iemesli"},"content":{"rendered":"<p>P\u0113d\u0113jos m\u0113ne\u0161os Krievija ir pastiprin\u0101jusi triecienus pa <a rel=\"noopener nofollow\" target=\"_blank\" href=\"https:\/\/www.delfi.lv\/temas\/35467179\/ukraina\" tag-id=\"35467179\">Ukrainas<\/a> dzelzce\u013ca infrastrukt\u016bru \u2013 vienu no galvenaj\u0101m sist\u0113m\u0101m, kas nodro\u0161ina valsts stabilit\u0101ti kara laik\u0101, raksta raidsabiedr\u012bba BBC.<\/p>\n<p>Ukrainas 21 t\u016bksto\u0161a kilometru garais dzelzce\u013cu t\u012bkls nodro\u0161ina ne tikai transporta, bet ar\u012b strat\u0113\u0123isko funkciju, k\u0101 ar\u012b simboliz\u0113 Ukrainas stabilit\u0101ti un dz\u012bvotsp\u0113ju sare\u017e\u0123\u012btajos apst\u0101k\u013cos. Bet uzbrukumos \u0161ai infrastrukt\u016brai cie\u0161 ar\u012b civiliedz\u012bvot\u0101ji.<\/p>\n<p>BBC atg\u0101dina par nesenu gad\u012bjumu, kad oktobra s\u0101kum\u0101 Krievija veica triecienu pa vilcienu Sumu apgabala \u0160ostkes stacij\u0101, k\u0101 rezult\u0101t\u0101 cieta 13 cilv\u0113ki. Viens v\u012brietis mira no sirdstriekas, bet starp hospitaliz\u0113tajiem cietu\u0161ajiem ir tr\u012bs b\u0113rni. Ukraina uzst\u0101j, ka uzbrukuma m\u0113r\u0137is bija civiliedz\u012bvot\u0101ji un gl\u0101b\u0113ji, l\u012bdz ar to tas klasific\u0113jams k\u0101 kara noziegums.<\/p>\n<p>Ukrainas dzelzce\u013ca uz\u0146\u0113muma &#8220;Ukrzaliznytsia&#8221; dati liecina, ka septembr\u012b uzbrukumu skaits vilcieniem un dzelzce\u013ca infrastrukt\u016brai bija divas reizes liel\u0101ks nek\u0101 august\u0101. Puse visu uzbrukumu kop\u0161 pilna m\u0113roga kara s\u0101kuma notiku\u0161i tie\u0161i p\u0113d\u0113jo divu m\u0113ne\u0161u laik\u0101.<\/p>\n<blockquote class=\"twitter-tweet\">\n<p lang=\"fr\" dir=\"ltr\">[<a href=\"https:\/\/twitter.com\/hashtag\/Russie?src=hash&amp;ref_src=twsrc%5Etfw\" rel=\"nofollow noopener\" target=\"_blank\">#Russie<\/a>\/<a href=\"https:\/\/twitter.com\/hashtag\/Ukraine?src=hash&amp;ref_src=twsrc%5Etfw\" rel=\"nofollow noopener\" target=\"_blank\">#Ukraine<\/a>]<br \/>\u26a1\ufe0f\ud83c\uddf7\ud83c\uddfa\ud83c\uddfa\ud83c\udde6 Zelensky ment encore : \u00e0 Chostka, c\u2019est un convoi militaire qui a \u00e9t\u00e9 d\u00e9truit, et non un train de passagers<\/p>\n<p>\ud83c\uddf7\ud83c\uddfa Les drones russes ont port\u00e9 un coup pr\u00e9cis \u00e0 l\u2019infrastructure ferroviaire dans la r\u00e9gion de Soumy. \u00c0 Chostka, une locomotive \u00e9lectrique\u2026 <a href=\"https:\/\/t.co\/f1SLI7XWDv\" rel=\"nofollow\">pic.twitter.com\/f1SLI7XWDv<\/a><\/p>\n<p>\u2014 X\u26a1\ufe0fINFOLIVE (@xinfolive) <a href=\"https:\/\/twitter.com\/xinfolive\/status\/1974439800984777127?ref_src=twsrc%5Etfw\" rel=\"nofollow noopener\" target=\"_blank\">October 4, 2025<\/a><\/p><\/blockquote>\n<p>&#8220;P\u0113d\u0113jo divu m\u0113ne\u0161u laik\u0101 gandr\u012bz katru dienu esam sask\u0101ru\u0161ies ar m\u0113r\u0137tiec\u012bgiem triecieniem pa &#8220;Ukrzaliznytsia&#8221; infrastrukt\u016bru un ener\u0123\u0113tikas objektiem,&#8221; BBC st\u0101sta Kopienu att\u012bst\u012bbas ministra vietnieks, par dzelzce\u013ca nozari atbild\u012bgais Oleksijs Balesta. Krievija &#8220;med\u012b lokomot\u012bves \u2014 apzin\u0101ti uzbr\u016bk kravas un pasa\u017eieru vilcieniem&#8221;, vi\u0146\u0161 nor\u0101da.<\/p>\n<p>T\u0101pat ir par\u0101d\u012bju\u0161ies zi\u0146ojumi par m\u012bn\u0113tiem vilcieniem da\u017e\u0101dos mar\u0161rutos, k\u0101 d\u0113\u013c ir j\u0101aptur kust\u012bba, j\u0101evaku\u0113 pasa\u017eieri un j\u0101p\u0101rmekl\u0113 vagoni.<\/p>\n<blockquote class=\"twitter-tweet\">\n<p lang=\"en\" dir=\"ltr\">Yesterday, the Russian Federation, trying to break the spirit of the Ukrainians, announced the bombing of a train to Lviv. These are the Ukrainians who were forced to leave during the inspection of the train.<\/p>\n<p>The Russians are so naive and stupid&#8230; Each of their attacks only\u2026 <a href=\"https:\/\/t.co\/0xcQxVZJ0V\" rel=\"nofollow\">pic.twitter.com\/0xcQxVZJ0V<\/a><\/p>\n<p>\u2014 Devana \ud83c\uddfa\ud83c\udde6 (@DevanaUkraine) <a href=\"https:\/\/twitter.com\/DevanaUkraine\/status\/1978116082440302915?ref_src=twsrc%5Etfw\" rel=\"nofollow noopener\" target=\"_blank\">October 14, 2025<\/a><\/p><\/blockquote>\n<p>Ukrainas amatpersonas okupantu pastiprin\u0101tos uzbrukumus dzelzce\u013cam skaidro ar diviem galvenajiem iemesliem.<\/p>\n<blockquote class=\"twitter-tweet\">\n<p lang=\"en\" dir=\"ltr\">\ud83c\uddf7\ud83c\uddfa\ud83c\uddfa\ud83c\udde6 Russian drones struck a Ukranian train station in the city of Shostka, Sumy region. <\/p>\n<p>Russia has waited 3.5 years to attack Ukraine&#8217;s railways.<\/p>\n<p>What changed? <a href=\"https:\/\/t.co\/y2dEumXmvm\" rel=\"nofollow\">pic.twitter.com\/y2dEumXmvm<\/a><\/p>\n<p>\u2014 Heyman_101 (@SU_57R) <a href=\"https:\/\/twitter.com\/SU_57R\/status\/1974514571022135771?ref_src=twsrc%5Etfw\" rel=\"nofollow noopener\" target=\"_blank\">October 4, 2025<\/a><\/p><\/blockquote>\n<p>Pirmk\u0101rt, strauji augu\u0161as Krievijas sp\u0113jas ra\u017eot lielu daudzumu sal\u012bdzino\u0161i l\u0113tu &#8220;Shahed&#8221; tipa dronu, kuru iesp\u0113jas un lidojuma att\u0101lums palielin\u0101s.<\/p>\n<p>Otrk\u0101rt, piln\u012bga stagn\u0101cija front\u0113, kuras d\u0113\u013c Krievijas armija piev\u0113rsusies apg\u0101des ce\u013cu izn\u012bcin\u0101\u0161anai.<\/p>\n<p>Lasiet ar\u012b<\/p>\n<p><a href=\"https:\/\/www.delfi.lv\/46713439\/arzemes\/120091186\/tas-butu-cits-kars-eksperti-zemu-verte-krievijas-izredzes-pret-nato-un-kaliningradas-izdzivosanu\" class=\"headline__image-link\" itemprop=\"url\" rel=\"nofollow noopener\" target=\"_blank\"><img decoding=\"async\" loading=\"lazy\" itemprop=\"image\" src=\"https:\/\/www.europesays.com\/lv\/wp-content\/uploads\/2025\/10\/a1621fba-c72a-4ef8-b806-4bf1a8b309fe.jpg\" alt=\"Tas b\u016btu cits kar\u0161: eksperti zemu v\u0113rt\u0113 Krievijas izredzes pret NATO un Ka\u013ci\u0146ingradas izdz\u012bvo\u0161anu \" title=\"Tas b\u016btu cits kar\u0161: eksperti zemu v\u0113rt\u0113 Krievijas izredzes pret NATO un Ka\u013ci\u0146ingradas izdz\u012bvo\u0161anu \" class=\"headline__image img-fluid w-100\"\/><\/a><\/p>\n<p>&#8220;Pretinieks cen\u0161as m\u016bs piln\u012bb\u0101 aptur\u0113t. T\u0101 ir da\u013ca no kara taktikas \u2013 s\u0113t paniku iedz\u012bvot\u0101ju vid\u016b, izn\u012bcin\u0101t ekonomiku un padar\u012bt valsti nepiem\u0113rotu dz\u012bvei,&#8221; medijs cit\u0113 &#8220;Ukrzaliznytsia&#8221; \u0123ener\u0101ldirektoru Oleksandru Percovski.<\/p>\n<p>Vi\u0146\u0161 st\u0101sta, ka Ukrainas galven\u0101 atbilde ir triecienu seku p\u0113c iesp\u0113jas \u0101tr\u0101ka likvid\u0101cija, koordin\u0101cija ar milit\u0101ristiem un person\u0101la apm\u0101c\u012bba iesp\u0113jamo sabot\u0101\u017eu atpaz\u012b\u0161anai.<\/p>\n<p><a rel=\"noopener nofollow\" target=\"_blank\" href=\"https:\/\/www.delfi.lv\/temas\/35525519\/krievija\" data-rel-date-range=\"[]\">Krievijas<\/a> pilna m\u0113roga iebrukums Ukrain\u0101 ilgst kop\u0161 2022. gada 24. febru\u0101ra. Savuk\u0101rt kopum\u0101 kar\u0161 rit kop\u0161 2014. gada, kad Krievija okup\u0113ja <a rel=\"noopener nofollow\" target=\"_blank\" href=\"https:\/\/www.delfi.lv\/temas\/35467179\/ukraina\" data-rel-date-range=\"[]\">Ukrainas<\/a> Krimas pussalu un s\u0101ka karadarb\u012bbu Donbas\u0101.<\/p>\n<p class=\"m-0\">Seko &#8220;Delfi&#8221; ar\u012b  <a target=\"_blank\" href=\"https:\/\/www.instagram.com\/delfi.lv\/\" rel=\"nofollow noopener\">Instagram<\/a>  un <a target=\"_blank\" href=\"https:\/\/www.youtube.com\/channel\/UCw5foWtcJvAbUm64rv7jwUQ\" rel=\"nofollow noopener\">YouTube<\/a>  profil\u0101 \u2013 pievienojies, lai uzzin\u0101tu svar\u012bg\u0101ko un interesant\u0101ko pirmais!<\/p>\n<p>Publik\u0101cijas saturs vai t\u0101s jebk\u0101da apjoma da\u013ca ir aizsarg\u0101ts autorties\u012bbu objekts Autorties\u012bbu likuma izpratn\u0113, un t\u0101 izmanto\u0161ana bez izdev\u0113ja at\u013caujas ir aizliegta. Vair\u0101k lasi  <a target=\"_blank\" href=\"https:\/\/www.delfi.lv\/noteikumi#autortiesibas\" rel=\"nofollow noopener\">\u0161eit<\/a><script async src=\"https:\/\/platform.twitter.com\/widgets.js\" charset=\"utf-8\"><\/script><script async src=\"\/\/www.instagram.com\/embed.js\"><\/script><\/p>\n","protected":false},"excerpt":{"rendered":"P\u0113d\u0113jos m\u0113ne\u0161os Krievija ir pastiprin\u0101jusi triecienus pa Ukrainas dzelzce\u013ca infrastrukt\u016bru \u2013 vienu no galvenaj\u0101m sist\u0113m\u0101m, kas nodro\u0161ina valsts&hellip;\n","protected":false},"author":2,"featured_media":23000,"comment_status":"","ping_status":"","sticky":false,"template":"","format":"standard","meta":{"footnotes":""},"categories":[5],"tags":[23,28,29,32,33,22,74,30,31,35,39,38,36,37,34,40,20,26,27,24,25,276,21],"class_list":{"0":"post-22999","1":"post","2":"type-post","3":"status-publish","4":"format-standard","5":"has-post-thumbnail","7":"category-aktualitates","8":"tag-aktualitates","9":"tag-breaking-news","10":"tag-breakingnews","11":"tag-featured-news","12":"tag-featurednews","13":"tag-headlines","14":"tag-krievijas-iebrukums-ukraina","15":"tag-latest-news","16":"tag-latestnews","17":"tag-latvia","18":"tag-latvian","19":"tag-latviesu","20":"tag-latviesu-valoda","21":"tag-latviesuvaloda","22":"tag-latvija","23":"tag-lv","24":"tag-news","25":"tag-popularakas-zinas","26":"tag-popularakaszinas","27":"tag-top-stories","28":"tag-topstories","29":"tag-ukraina","30":"tag-zinas"},"share_on_mastodon":{"url":"","error":""},"_links":{"self":[{"href":"https:\/\/www.europesays.com\/lv\/wp-json\/wp\/v2\/posts\/22999","targetHints":{"allow":["GET"]}}],"collection":[{"href":"https:\/\/www.europesays.com\/lv\/wp-json\/wp\/v2\/posts"}],"about":[{"href":"https:\/\/www.europesays.com\/lv\/wp-json\/wp\/v2\/types\/post"}],"author":[{"embeddable":true,"href":"https:\/\/www.europesays.com\/lv\/wp-json\/wp\/v2\/users\/2"}],"replies":[{"embeddable":true,"href":"https:\/\/www.europesays.com\/lv\/wp-json\/wp\/v2\/comments?post=22999"}],"version-history":[{"count":0,"href":"https:\/\/www.europesays.com\/lv\/wp-json\/wp\/v2\/posts\/22999\/revisions"}],"wp:featuredmedia":[{"embeddable":true,"href":"https:\/\/www.europesays.com\/lv\/wp-json\/wp\/v2\/media\/23000"}],"wp:attachment":[{"href":"https:\/\/www.europesays.com\/lv\/wp-json\/wp\/v2\/media?parent=22999"}],"wp:term":[{"taxonomy":"category","embeddable":true,"href":"https:\/\/www.europesays.com\/lv\/wp-json\/wp\/v2\/categories?post=22999"},{"taxonomy":"post_tag","embeddable":true,"href":"https:\/\/www.europesays.com\/lv\/wp-json\/wp\/v2\/tags?post=22999"}],"curies":[{"name":"wp","href":"https:\/\/api.w.org\/{rel}","templated":true}]}}