{"id":23011,"date":"2025-10-17T03:43:07","date_gmt":"2025-10-17T03:43:07","guid":{"rendered":"https:\/\/www.europesays.com\/lv\/23011\/"},"modified":"2025-10-17T03:43:07","modified_gmt":"2025-10-17T03:43:07","slug":"tramps-sazvanijies-ar-putinu-abi-tiksies-ungarija-delfi","status":"publish","type":"post","link":"https:\/\/www.europesays.com\/lv\/23011\/","title":{"rendered":"Tramps sazvan\u012bjies ar Putinu; abi tiksies Ung\u0101rij\u0101 &#8211; Delfi"},"content":{"rendered":"<ol>\n<li><a href=\"https:\/\/news.google.com\/rss\/articles\/CBMingFBVV95cUxQcnREaVJDLVJScmhWX0EwazhTcUkxYmxJVkZvNjhfZmhFdnhia0plM2ZNN2h5RzFseG1oNGFCNlBERFlwTFVPQWY5cUpDbXZaYkxVamdSUWFYV0laUlc5c0wzQjhQc1NzSHFYREUzeUl6aVpyZUQ2eXpMQjBLMExuMGNnZ3dsUVBIV2VXdEo4QVRZbFR6SlVUaXBYckI3UQ?oc=5\" target=\"_blank\" rel=\"nofollow noopener\">Tramps sazvan\u012bjies ar Putinu; abi tiksies Ung\u0101rij\u0101<\/a>&nbsp;&nbsp;Delfi<\/li>\n<li><a href=\"https:\/\/news.google.com\/rss\/articles\/CBMi7gFBVV95cUxPRTVkS00tNkVKVFlKc2FkWlVlWXZ2UTdqX2NEN3VlX0FPcmdia0pVNjM2U1l6cDB2ZTV1V3E2U0l3YWY2MkliY09FcGdqQ1VSTDBGMWRGNkJFM29xWGRGbklmc2hLc0hlLWRjVVhqR0x4QlhBRXVNakNmQWoxMDdGVk5rM0ZRX1NIUTFWVkZERlE1UGVRUjZHaWlfRUloZWJaSjlCTUQ0d2lXVS03Z2RLT3dlRFJDSUo4QzBPZFlaVkNGWUlyN2RaYzR0bWJTdlNIMnlSUGVUNjNEWTZJLWVweXZ3WGw5M3F3QlliVWdn?oc=5\" target=\"_blank\" rel=\"nofollow noopener\">Tramps telefonsarun\u0101 ar Putinu vienojies par abu tik\u0161anos Ung\u0101rij\u0101 centienos izbeigt karu Ukrain\u0101<\/a>&nbsp;&nbsp;LSM<\/li>\n<li><a href=\"https:\/\/news.google.com\/rss\/articles\/CBMid0FVX3lxTFBUaDdiQ1FFYXppVzRwZm5ZWFVXTnluNUkyeXZ4N1lHZUdSUF9XbVRLZnA4ZnRWWnRqY0VpR1I0MmRpMFVVTnhZTjJFZll2cXB6eUMwN3BEVldyZXlkblJDeUx4UTllYWtGNVJYdzd6MmtCTFoxQTFR?oc=5\" target=\"_blank\" rel=\"nofollow noopener\">S\u0101kusies Trampa telefonsaruna ar Putinu<\/a>&nbsp;&nbsp;TVNET<\/li>\n<li><a href=\"https:\/\/news.google.com\/rss\/articles\/CBMipgFBVV95cUxNVXFBazZJTjBndFdLUm0yYlpjWk9rSTlKN0U2OTZpWEV3UTUwUDdydFl5bEZuUEYyQzlfUXdZZ2dBMHZyaTZNZ09ndzh2Y0lsVm1qeXFMdWRJZ3lFV2JwTW1uNTFTN3Nndlg0OVFDT3hpa2JyOUo2SVQ2M19DcFpGRjlyZ0VVOWpJbUpZdGh1Zjk3YW5FVFcyeEYtaG1DdE1NWWU0bmdR?oc=5\" target=\"_blank\" rel=\"nofollow noopener\">\u201cLiels solis uz priek\u0161u!\u201d Tramps atkl\u0101j sarunas deta\u013cas un pazi\u0146o par tik\u0161anos ar Putinu<\/a>&nbsp;&nbsp;LA.LV<\/li>\n<li><a href=\"https:\/\/news.google.com\/rss\/articles\/CBMiqAFBVV95cUxNUkNJZ0g5OU5fbVh4d04xbERKbHg4amxhNXFiMVBVVW1zUmc4VXZEMUZLNEF0LTVWZVhDNU5sRzBvYm8yNUhhTHRCNzQ4N2hYZEoteHZQOTNjNHV2Z2g0cFd3bFB3aXpsV1pVNEdkY2hiM2w2TG1oSklod1RuWVpNQjdkckpUekR6TXBma1BYV2pnNjBsNkV5eFE5UWdBVTlXZ1d2cHNCLVk?oc=5\" target=\"_blank\" rel=\"nofollow noopener\">Tramps atkal tiksies ar Putinu, \u0161oreiz Kremlim draudz\u012bgaj\u0101 Ung\u0101rij\u0101<\/a>&nbsp;&nbsp;Jauns.lv<\/li>\n<\/ol>\n","protected":false},"excerpt":{"rendered":"Tramps sazvan\u012bjies ar Putinu; abi tiksies Ung\u0101rij\u0101&nbsp;&nbsp;Delfi Tramps telefonsarun\u0101 ar Putinu vienojies par abu tik\u0161anos Ung\u0101rij\u0101 centienos izbeigt&hellip;\n","protected":false},"author":2,"featured_media":23012,"comment_status":"","ping_status":"","sticky":false,"template":"","format":"standard","meta":{"footnotes":""},"categories":[14],"tags":[23,57,292,28,29,542,32,33,22,74,30,31,35,39,38,36,37,34,40,20,26,27,24,25,235,54,55,56,21,58],"class_list":{"0":"post-23011","1":"post","2":"type-post","3":"status-publish","4":"format-standard","5":"has-post-thumbnail","7":"category-zinas-no-arvalstim","8":"tag-aktualitates","9":"tag-arvalstim","10":"tag-asv","11":"tag-breaking-news","12":"tag-breakingnews","13":"tag-donalds-tramps","14":"tag-featured-news","15":"tag-featurednews","16":"tag-headlines","17":"tag-krievijas-iebrukums-ukraina","18":"tag-latest-news","19":"tag-latestnews","20":"tag-latvia","21":"tag-latvian","22":"tag-latviesu","23":"tag-latviesu-valoda","24":"tag-latviesuvaloda","25":"tag-latvija","26":"tag-lv","27":"tag-news","28":"tag-popularakas-zinas","29":"tag-popularakaszinas","30":"tag-top-stories","31":"tag-topstories","32":"tag-vladimirs-putins","33":"tag-world","34":"tag-world-news","35":"tag-worldnews","36":"tag-zinas","37":"tag-zinas-no-arvalstim"},"share_on_mastodon":{"url":"","error":""},"_links":{"self":[{"href":"https:\/\/www.europesays.com\/lv\/wp-json\/wp\/v2\/posts\/23011","targetHints":{"allow":["GET"]}}],"collection":[{"href":"https:\/\/www.europesays.com\/lv\/wp-json\/wp\/v2\/posts"}],"about":[{"href":"https:\/\/www.europesays.com\/lv\/wp-json\/wp\/v2\/types\/post"}],"author":[{"embeddable":true,"href":"https:\/\/www.europesays.com\/lv\/wp-json\/wp\/v2\/users\/2"}],"replies":[{"embeddable":true,"href":"https:\/\/www.europesays.com\/lv\/wp-json\/wp\/v2\/comments?post=23011"}],"version-history":[{"count":0,"href":"https:\/\/www.europesays.com\/lv\/wp-json\/wp\/v2\/posts\/23011\/revisions"}],"wp:featuredmedia":[{"embeddable":true,"href":"https:\/\/www.europesays.com\/lv\/wp-json\/wp\/v2\/media\/23012"}],"wp:attachment":[{"href":"https:\/\/www.europesays.com\/lv\/wp-json\/wp\/v2\/media?parent=23011"}],"wp:term":[{"taxonomy":"category","embeddable":true,"href":"https:\/\/www.europesays.com\/lv\/wp-json\/wp\/v2\/categories?post=23011"},{"taxonomy":"post_tag","embeddable":true,"href":"https:\/\/www.europesays.com\/lv\/wp-json\/wp\/v2\/tags?post=23011"}],"curies":[{"name":"wp","href":"https:\/\/api.w.org\/{rel}","templated":true}]}}