{"id":23030,"date":"2025-10-17T04:15:07","date_gmt":"2025-10-17T04:15:07","guid":{"rendered":"https:\/\/www.europesays.com\/lv\/23030\/"},"modified":"2025-10-17T04:15:07","modified_gmt":"2025-10-17T04:15:07","slug":"jekabpils-novada-sagaidama-troksnaina-nedelas-nogale-jekabpils-laiks-jekabpils-zinas","status":"publish","type":"post","link":"https:\/\/www.europesays.com\/lv\/23030\/","title":{"rendered":"J\u0113kabpils novad\u0101 sagaid\u0101ma trok\u0161\u0146aina ned\u0113\u013cas nogale \/ J\u0113kabpils Laiks: J\u0113kabpils zi\u0146as"},"content":{"rendered":"<p>18. un 19. oktobr\u012b J\u0113kabpils novad\u0101 notiks Zemessardzes 3. Latgales brig\u0101des 56. kaujas nodro\u0161in\u0101juma bataljona zemessargu milit\u0101r\u0101s m\u0101c\u012bbas. M\u0101c\u012bbu m\u0113r\u0137is ir uztur\u0113t un pilnveidot zemessargu kaujas prasmes un iema\u0146as bataljona atbild\u012bbas teritorijas aizsardz\u012bbai.<\/p>\n<p>M\u0101c\u012bbu laik\u0101 novad\u0101 p\u0101rvietosies milit\u0101r\u0101 tehnika, karav\u012bri un zemessargi ar str\u0113lnieku iero\u010diem. Tiks izmantota m\u0101c\u012bbu mun\u012bcija un kaujas imit\u0101cijas l\u012bdzek\u013ci, kas var rad\u012bt troksni, bet nek\u0101d\u0101 veid\u0101 neapdraud cilv\u0113ku dz\u012bv\u012bbu un vesel\u012bbu. P\u0113c m\u0101c\u012bb\u0101m norises vietas tiks sakoptas.<\/p>\n<p>Uzdevumi tiks veikti gan dien\u0101, gan nakt\u012b, da\u017e\u0101d\u0101 apvid\u016b un pils\u0113tvid\u0113, lai tren\u0113tu darb\u012bbu da\u017e\u0101dos apst\u0101k\u013cos. M\u0101c\u012bbas ir da\u013ca no bataljona ikdienas uzdevumiem, tostarp teritorijas aizsardz\u012bbas, katastrofu seku likvid\u0101cijas, kaujas atbalsta nodro\u0161in\u0101\u0161anas Nacion\u0101lajiem bru\u0146otajiem sp\u0113kiem, person\u0101la sagatavo\u0161anas starptautiskaj\u0101m oper\u0101cij\u0101m un citu funkciju izpildes.<\/p>\n<p>Milit\u0101r\u0101s m\u0101c\u012bbas notiks ar J\u0113kabpils novada pa\u0161vald\u012bbu, juridisk\u0101m un priv\u0101t\u0101m person\u0101m saska\u0146ot\u0101s teritorij\u0101s.<\/p>\n","protected":false},"excerpt":{"rendered":"18. un 19. oktobr\u012b J\u0113kabpils novad\u0101 notiks Zemessardzes 3. Latgales brig\u0101des 56. kaujas nodro\u0161in\u0101juma bataljona zemessargu milit\u0101r\u0101s m\u0101c\u012bbas.&hellip;\n","protected":false},"author":2,"featured_media":23031,"comment_status":"","ping_status":"","sticky":false,"template":"","format":"standard","meta":{"footnotes":""},"categories":[5],"tags":[23,28,29,32,33,22,987,986,30,31,35,39,38,36,37,34,40,20,26,27,24,25,21],"class_list":{"0":"post-23030","1":"post","2":"type-post","3":"status-publish","4":"format-standard","5":"has-post-thumbnail","7":"category-aktualitates","8":"tag-aktualitates","9":"tag-breaking-news","10":"tag-breakingnews","11":"tag-featured-news","12":"tag-featurednews","13":"tag-headlines","14":"tag-jekabpils-zinas","15":"tag-jekabpilslaiks","16":"tag-latest-news","17":"tag-latestnews","18":"tag-latvia","19":"tag-latvian","20":"tag-latviesu","21":"tag-latviesu-valoda","22":"tag-latviesuvaloda","23":"tag-latvija","24":"tag-lv","25":"tag-news","26":"tag-popularakas-zinas","27":"tag-popularakaszinas","28":"tag-top-stories","29":"tag-topstories","30":"tag-zinas"},"share_on_mastodon":{"url":"","error":""},"_links":{"self":[{"href":"https:\/\/www.europesays.com\/lv\/wp-json\/wp\/v2\/posts\/23030","targetHints":{"allow":["GET"]}}],"collection":[{"href":"https:\/\/www.europesays.com\/lv\/wp-json\/wp\/v2\/posts"}],"about":[{"href":"https:\/\/www.europesays.com\/lv\/wp-json\/wp\/v2\/types\/post"}],"author":[{"embeddable":true,"href":"https:\/\/www.europesays.com\/lv\/wp-json\/wp\/v2\/users\/2"}],"replies":[{"embeddable":true,"href":"https:\/\/www.europesays.com\/lv\/wp-json\/wp\/v2\/comments?post=23030"}],"version-history":[{"count":0,"href":"https:\/\/www.europesays.com\/lv\/wp-json\/wp\/v2\/posts\/23030\/revisions"}],"wp:featuredmedia":[{"embeddable":true,"href":"https:\/\/www.europesays.com\/lv\/wp-json\/wp\/v2\/media\/23031"}],"wp:attachment":[{"href":"https:\/\/www.europesays.com\/lv\/wp-json\/wp\/v2\/media?parent=23030"}],"wp:term":[{"taxonomy":"category","embeddable":true,"href":"https:\/\/www.europesays.com\/lv\/wp-json\/wp\/v2\/categories?post=23030"},{"taxonomy":"post_tag","embeddable":true,"href":"https:\/\/www.europesays.com\/lv\/wp-json\/wp\/v2\/tags?post=23030"}],"curies":[{"name":"wp","href":"https:\/\/api.w.org\/{rel}","templated":true}]}}