{"id":230479,"date":"2026-06-18T14:41:13","date_gmt":"2026-06-18T14:41:13","guid":{"rendered":"https:\/\/www.europesays.com\/lv\/230479\/"},"modified":"2026-06-18T14:41:13","modified_gmt":"2026-06-18T14:41:13","slug":"apglabata-pec-vairak-neka-pusgada-atrasta-diana-busmane-virs-par-berem-uzzina-iepriekseja-diena","status":"publish","type":"post","link":"https:\/\/www.europesays.com\/lv\/230479\/","title":{"rendered":"Apglab\u0101ta p\u0113c vair\u0101k nek\u0101 pusgada atrast\u0101 Di\u0101na Bu\u0161mane. V\u012brs par b\u0113r\u0113m uzzina iepriek\u0161\u0113j\u0101 dien\u0101"},"content":{"rendered":"<p>K\u0101 jau v\u0113st\u012bts, <a href=\"https:\/\/www.apollo.lv\/term\/811678\/diana-busmane\" class=\"topicLink\" target=\"_blank\" rel=\"nofollow noopener\">Di\u0101na Bu\u0161mane<\/a> pazuda 2025. gada 28. oktobr\u012b. 2026. gada 18. maij\u0101 sieviete tika atrasta net\u0101lu no pazu\u0161anas vietas \u2013 Ziemeru me\u017e\u0101. Sakar\u0101 ar Di\u0101nas Bu\u0161manes n\u0101vi s\u0101kts krimin\u0101lprocess.<\/p>\n<p>Di\u0101nas Bu\u0161manes v\u012brs uzskata, ka sieva ir noslepkavota, un apgalvo, ka c\u012bn\u012bsies par to, lai noskaidrotu paties\u012bbu \u2013 gan par sievas n\u0101ves apst\u0101k\u013ciem, gan par, vi\u0146apr\u0101t, p\u0101r\u0101k gauso izmekl\u0113\u0161anu, gan par to, k\u0101d\u0113\u013c policija p\u0113c vi\u0146a iesnieguma neaptur\u0113ja b\u0113ru r\u012bko\u0161anu.<\/p>\n","protected":false},"excerpt":{"rendered":"K\u0101 jau v\u0113st\u012bts, Di\u0101na Bu\u0161mane pazuda 2025. gada 28. oktobr\u012b. 2026. gada 18. maij\u0101 sieviete tika atrasta net\u0101lu&hellip;\n","protected":false},"author":2,"featured_media":230480,"comment_status":"","ping_status":"","sticky":false,"template":"","format":"standard","meta":{"footnotes":"","_share_on_mastodon":"0"},"categories":[14],"tags":[23,57,24144,28,29,12432,32,33,22,30,31,35,39,38,36,37,34,40,20,26,27,24,25,900,138,39438,54,55,56,21,58],"class_list":["post-230479","post","type-post","status-publish","format-standard","has-post-thumbnail","category-zinas-no-arvalstim","tag-aktualitates","tag-arvalstim","tag-beres","tag-breaking-news","tag-breakingnews","tag-diana-busmane","tag-featured-news","tag-featurednews","tag-headlines","tag-latest-news","tag-latestnews","tag-latvia","tag-latvian","tag-latviesu","tag-latviesu-valoda","tag-latviesuvaloda","tag-latvija","tag-lv","tag-news","tag-popularakas-zinas","tag-popularakaszinas","tag-top-stories","tag-topstories","tag-tvnet-cilvekstasti","tag-valsts-policija","tag-vtmec","tag-world","tag-world-news","tag-worldnews","tag-zinas","tag-zinas-no-arvalstim"],"share_on_mastodon":{"url":"https:\/\/pubeurope.com\/@lv\/116771637593954560","error":""},"_links":{"self":[{"href":"https:\/\/www.europesays.com\/lv\/wp-json\/wp\/v2\/posts\/230479","targetHints":{"allow":["GET"]}}],"collection":[{"href":"https:\/\/www.europesays.com\/lv\/wp-json\/wp\/v2\/posts"}],"about":[{"href":"https:\/\/www.europesays.com\/lv\/wp-json\/wp\/v2\/types\/post"}],"author":[{"embeddable":true,"href":"https:\/\/www.europesays.com\/lv\/wp-json\/wp\/v2\/users\/2"}],"replies":[{"embeddable":true,"href":"https:\/\/www.europesays.com\/lv\/wp-json\/wp\/v2\/comments?post=230479"}],"version-history":[{"count":0,"href":"https:\/\/www.europesays.com\/lv\/wp-json\/wp\/v2\/posts\/230479\/revisions"}],"wp:featuredmedia":[{"embeddable":true,"href":"https:\/\/www.europesays.com\/lv\/wp-json\/wp\/v2\/media\/230480"}],"wp:attachment":[{"href":"https:\/\/www.europesays.com\/lv\/wp-json\/wp\/v2\/media?parent=230479"}],"wp:term":[{"taxonomy":"category","embeddable":true,"href":"https:\/\/www.europesays.com\/lv\/wp-json\/wp\/v2\/categories?post=230479"},{"taxonomy":"post_tag","embeddable":true,"href":"https:\/\/www.europesays.com\/lv\/wp-json\/wp\/v2\/tags?post=230479"}],"curies":[{"name":"wp","href":"https:\/\/api.w.org\/{rel}","templated":true}]}}