{"id":23064,"date":"2025-10-17T04:55:07","date_gmt":"2025-10-17T04:55:07","guid":{"rendered":"https:\/\/www.europesays.com\/lv\/23064\/"},"modified":"2025-10-17T04:55:07","modified_gmt":"2025-10-17T04:55:07","slug":"krievijas-aktivi-paliks-imobilizeti-lidz-reparaciju-samaksai-ukrainai-uzsver-dombrovskis","status":"publish","type":"post","link":"https:\/\/www.europesays.com\/lv\/23064\/","title":{"rendered":"Krievijas akt\u012bvi paliks imobiliz\u0113ti l\u012bdz repar\u0101ciju samaksai Ukrainai, uzsver Dombrovskis"},"content":{"rendered":"<p>&#8220;T\u0101da diem\u017e\u0113l ir realit\u0101te. M\u0113s str\u0101d\u0101jam ar l\u012bdz\u012bgi dom\u0101jo\u0161\u0101m valst\u012bm, kas kop\u0161 kara s\u0101kuma ir nodro\u0161in\u0101ju\u0161as atbalstu Ukrainai,&#8221; sac\u012bja eirokomis\u0101rs.<\/p>\n<p>Jaut\u0101ts par repar\u0101ciju aizdevumu, Dombrovskis skaidroja, ka ES pied\u0101v\u0101 izmantot l\u012bdzek\u013cus, kas uzkr\u0101ju\u0161ies no Krievijas imobiliz\u0113tajiem akt\u012bviem, un novirz\u012bt tos Ukrainai k\u0101 aizdevumu ar nosac\u012bjumu &#8211; Ukrainai aizdevums b\u016bs j\u0101atmaks\u0101, ja <a href=\"https:\/\/www.tvnet.lv\/term\/555452\/krievija\" class=\"topicLink\" target=\"_blank\" rel=\"nofollow noopener\">Krievija<\/a> samaks\u0101s repar\u0101cijas. Vi\u0146\u0161 turpin\u0101ja, ka gad\u012bjum\u0101, ja Krievija nesamaks\u0101s repar\u0101cijas, tad Ukrainai aizdevums neb\u016bs j\u0101atmaks\u0101 un Krievija nevar\u0113s atg\u016bt savus akt\u012bvus.<\/p>\n<p>Vi\u0146\u0161 sac\u012bja, ka ES ir visliel\u0101kais Krievijas imobiliz\u0113to akt\u012bvu apjoms, ta\u010du tie atrodas ar\u012b cit\u0101s G7 valst\u012bs, piem\u0113ram, Lielbrit\u0101nij\u0101 un Kan\u0101d\u0101. \u0160\u012bs valstis jau ir izr\u0101d\u012bju\u0161as interesi un var\u0113tu ieviest l\u012bdz\u012bga veida risin\u0101jumu un pied\u0101v\u0101t \u0161\u0101du repar\u0101cijas aizdevumu Ukrainas finans\u0113\u0161anai.<\/p>\n<p>Run\u0101jot par \u0161\u0101da meh\u0101nisma juridisko aspektu, EK ekonomikas un produktivit\u0101tes komis\u0101rs atz\u012bm\u0113ja, ka jau \u0161ogad Ukraina sa\u0146em atbalstu no G7 vad\u012bt\u0101s \u0101rk\u0101rtas ie\u0146\u0113mumu pa\u0101trin\u0101\u0161anas (ERA) iniciat\u012bvas. T\u0101s pamat\u0101 ir naudas pl\u016bsma, ko \u0123ener\u0113 imobiliz\u0113tie Krievijas akt\u012bvi. Dombrovskis nor\u0101d\u012bja, ka ES ir biju\u0161as daudzas diskusijas par Krievijas akt\u012bvu konfisk\u0101ciju, ta\u010du nav vienpr\u0101t\u012bbas, t\u0101d\u0113\u013c \u0161\u0101du priek\u0161likumu pagaid\u0101m nevar virz\u012bt uz priek\u0161u.<\/p>\n<p>&#8220;M\u0113s nepied\u0101v\u0101jam konfisc\u0113t akt\u012bvus. Krievijai saglab\u0101jas pras\u012bjuma ties\u012bbas attiec\u012bb\u0101 uz akt\u012bviem. Ta\u010du akt\u012bvi ir imobiliz\u0113ti un ir uzkr\u0101ti naudas l\u012bdzek\u013ci, pret\u0113j\u0101 gad\u012bjum\u0101 \u0161os naudas l\u012bdzek\u013cus p\u0101rskait\u012btu Krievijai. Ir gan Eiropadomes, gan G7 l\u0113mums, ka Krievijas akt\u012bviem j\u0101b\u016bt imobiliz\u0113tiem tik ilgi, kam\u0113r t\u0101 nesamaks\u0101 repar\u0101cijas,&#8221; sac\u012bja Dombrovskis.<\/p>\n","protected":false},"excerpt":{"rendered":"&#8220;T\u0101da diem\u017e\u0113l ir realit\u0101te. M\u0113s str\u0101d\u0101jam ar l\u012bdz\u012bgi dom\u0101jo\u0161\u0101m valst\u012bm, kas kop\u0161 kara s\u0101kuma ir nodro\u0161in\u0101ju\u0161as atbalstu Ukrainai,&#8221;&hellip;\n","protected":false},"author":2,"featured_media":23065,"comment_status":"","ping_status":"","sticky":false,"template":"","format":"standard","meta":{"footnotes":""},"categories":[14],"tags":[23,57,292,28,29,427,32,33,22,234,74,30,31,35,39,38,36,37,34,40,20,26,27,511,24,25,3804,54,55,56,21,58],"class_list":{"0":"post-23064","1":"post","2":"type-post","3":"status-publish","4":"format-standard","5":"has-post-thumbnail","7":"category-zinas-no-arvalstim","8":"tag-aktualitates","9":"tag-arvalstim","10":"tag-asv","11":"tag-breaking-news","12":"tag-breakingnews","13":"tag-eiropa","14":"tag-featured-news","15":"tag-featurednews","16":"tag-headlines","17":"tag-krievija","18":"tag-krievijas-iebrukums-ukraina","19":"tag-latest-news","20":"tag-latestnews","21":"tag-latvia","22":"tag-latvian","23":"tag-latviesu","24":"tag-latviesu-valoda","25":"tag-latviesuvaloda","26":"tag-latvija","27":"tag-lv","28":"tag-news","29":"tag-popularakas-zinas","30":"tag-popularakaszinas","31":"tag-sankcijas","32":"tag-top-stories","33":"tag-topstories","34":"tag-valdis-dombrovskis","35":"tag-world","36":"tag-world-news","37":"tag-worldnews","38":"tag-zinas","39":"tag-zinas-no-arvalstim"},"share_on_mastodon":{"url":"","error":""},"_links":{"self":[{"href":"https:\/\/www.europesays.com\/lv\/wp-json\/wp\/v2\/posts\/23064","targetHints":{"allow":["GET"]}}],"collection":[{"href":"https:\/\/www.europesays.com\/lv\/wp-json\/wp\/v2\/posts"}],"about":[{"href":"https:\/\/www.europesays.com\/lv\/wp-json\/wp\/v2\/types\/post"}],"author":[{"embeddable":true,"href":"https:\/\/www.europesays.com\/lv\/wp-json\/wp\/v2\/users\/2"}],"replies":[{"embeddable":true,"href":"https:\/\/www.europesays.com\/lv\/wp-json\/wp\/v2\/comments?post=23064"}],"version-history":[{"count":0,"href":"https:\/\/www.europesays.com\/lv\/wp-json\/wp\/v2\/posts\/23064\/revisions"}],"wp:featuredmedia":[{"embeddable":true,"href":"https:\/\/www.europesays.com\/lv\/wp-json\/wp\/v2\/media\/23065"}],"wp:attachment":[{"href":"https:\/\/www.europesays.com\/lv\/wp-json\/wp\/v2\/media?parent=23064"}],"wp:term":[{"taxonomy":"category","embeddable":true,"href":"https:\/\/www.europesays.com\/lv\/wp-json\/wp\/v2\/categories?post=23064"},{"taxonomy":"post_tag","embeddable":true,"href":"https:\/\/www.europesays.com\/lv\/wp-json\/wp\/v2\/tags?post=23064"}],"curies":[{"name":"wp","href":"https:\/\/api.w.org\/{rel}","templated":true}]}}