{"id":23082,"date":"2025-10-17T05:17:08","date_gmt":"2025-10-17T05:17:08","guid":{"rendered":"https:\/\/www.europesays.com\/lv\/23082\/"},"modified":"2025-10-17T05:17:08","modified_gmt":"2025-10-17T05:17:08","slug":"porzingim-double-double-pirmssezonas-parbaudes-spele-apollo-lv","status":"publish","type":"post","link":"https:\/\/www.europesays.com\/lv\/23082\/","title":{"rendered":"Porzi\u0146\u0123im &quot;double-double&quot; pirmssezonas p\u0101rbaudes sp\u0113l\u0113 &#8211; Apollo.lv"},"content":{"rendered":"<ol>\n<li><a href=\"https:\/\/news.google.com\/rss\/articles\/CBMiigFBVV95cUxPV2JFbGxEQUVGbF9MZXNadUFyWWZWR0tqTHFrNkdQMTVGWHoyOHJlZnhkanRoanBNSmlLWXdkUXRPZUdJTVpHNEZpa1pIYWNQWUczMHFtNXdCMGJJbFZ5VVdrX0dvRjUtUEVmdmY0eldWYjdOQmpMOGY3VmNfenBRTmVJNnVVajRqeFE?oc=5\" target=\"_blank\" rel=\"nofollow noopener\">Porzi\u0146\u0123im &#8220;double-double&#8221; pirmssezonas p\u0101rbaudes sp\u0113l\u0113<\/a>&nbsp;&nbsp;Apollo.lv<\/li>\n<li><a href=\"https:\/\/news.google.com\/rss\/articles\/CBMixwFBVV95cUxNbnVON2xvS3l5RnhHMWNvYU5wT3VNaU00b05oblRrOXZYenEySURDM29xYjFodV92MDFPZEJkQjZKMFprMjc0elZDTkRwYVg3QTV4NEVFQkFsMDY5N2tOYTdENHBXUDdNUktqd3pvM2hFRUZPYUFsVWlWMnk2QlpIem56eHdmS29ESVpPcEN6cnRJNEpRbGVjVGpFN09GVDFCLUk5NU5LbUQ3cDA1azFqR1pJWHpuYUtiSzNEekluMWZLNkswQjBZ?oc=5\" target=\"_blank\" rel=\"nofollow noopener\">Porzi\u0146\u0123is gatavo\u0161anos NBA sezonai turpina ar rezultat\u012bvu &#8220;double-double&#8221;<\/a>&nbsp;&nbsp;Delfi<\/li>\n<li><a href=\"https:\/\/news.google.com\/rss\/articles\/CBMi0AFBVV95cUxOcmFWT25oM0pDRjVrZHpvTDF0dFp6c0lZNFlwRFlaeFpCbFRGRWRsbjg5T2VxcUprZ3lfR3lrR0VpandmRlo5aWJZQXdfOEpHTS1HeGZVVUJzVUJ5ak0zcVpZVFAtWTljOWRWTVZQUjhqSW1UNC12SGVoZnM4MmRsYk55TjZEVy1XcnJVZDZqclo0SFI2MEFscjFGRkxYR2Rnd2FlcVJjS2hwNXM2VTJDNmh1R2JmRHZVOHU4eWhpNlNPTkZMMUs0dDZzbzZxYnhU?oc=5\" target=\"_blank\" rel=\"nofollow noopener\">Pirms sarun\u0101m par l\u012bguma pagarin\u0101\u0161anu Porzi\u0146\u0123is grib pier\u0101d\u012bt, ka atkal sp\u0113l\u0113 visaugst\u0101kaj\u0101 l\u012bmen\u012b<\/a>&nbsp;&nbsp;Jauns.lv<\/li>\n<li><a href=\"https:\/\/news.google.com\/rss\/articles\/CBMilwFBVV95cUxNUFZkOTB1RjhLSGZyallieU55WXUyN2tfOUtCSy1qR3B2U3NiakYzTl8xbHgzUXNSWjZMRmwzWkNwVFBPOHRManpCT2trU1dWem5qV3k5TmNOQzlsUnd0enlNLWVvdmoxWl9Ud0lnRXFlcHlha3YxVFprVEJWMWxWbVdEejRsNWhkMDQzTk5VLVQyUzJOLWlr?oc=5\" target=\"_blank\" rel=\"nofollow noopener\">Peiners prognoz\u0113 Porzi\u0146\u0123a gaid\u0101mo sezonu un n\u0101kamo latvieti NBA<\/a>&nbsp;&nbsp;Sportazinas.com<\/li>\n<li><a href=\"https:\/\/news.google.com\/rss\/articles\/CBMirgFBVV95cUxOR2ptOFNjRmt5emdYUWFhTmZ5QUEwTVFxdFFTSlVGWUdka3BoTXpXTEdTY0otc195azd6ZHRzVDVPM2tWbFdublVuVVQ2WDhLZUwyMjBhMDMwTmNXRGNadk9vUTBlV1FGX3dwbHk2N2lXbElhT2ZXYlZ5N1JKc3JvOFFkdXNQejBVc29reVN2d2dVbGdpa3NZeDQxeU5fVjNOT2treTlpamZGY1FpdUE?oc=5\" target=\"_blank\" rel=\"nofollow noopener\">Porzi\u0146\u0123im citas priorit\u0101tes, ne l\u012bguma pagarin\u0101\u0161ana \u2013 Basketbols<\/a>&nbsp;&nbsp;Sportacentrs.com<\/li>\n<\/ol>\n","protected":false},"excerpt":{"rendered":"Porzi\u0146\u0123im &#8220;double-double&#8221; pirmssezonas p\u0101rbaudes sp\u0113l\u0113&nbsp;&nbsp;Apollo.lv Porzi\u0146\u0123is gatavo\u0161anos NBA sezonai turpina ar rezultat\u012bvu &#8220;double-double&#8221;&nbsp;&nbsp;Delfi Pirms sarun\u0101m par l\u012bguma pagarin\u0101\u0161anu&hellip;\n","protected":false},"author":2,"featured_media":23083,"comment_status":"","ping_status":"","sticky":false,"template":"","format":"standard","meta":{"footnotes":""},"categories":[17],"tags":[145,1260,35,39,38,36,37,34,40,67],"class_list":{"0":"post-23082","1":"post","2":"type-post","3":"status-publish","4":"format-standard","5":"has-post-thumbnail","7":"category-sports","8":"tag-basketbols","9":"tag-kristaps-porzingis","10":"tag-latvia","11":"tag-latvian","12":"tag-latviesu","13":"tag-latviesu-valoda","14":"tag-latviesuvaloda","15":"tag-latvija","16":"tag-lv","17":"tag-sports"},"share_on_mastodon":{"url":"","error":""},"_links":{"self":[{"href":"https:\/\/www.europesays.com\/lv\/wp-json\/wp\/v2\/posts\/23082","targetHints":{"allow":["GET"]}}],"collection":[{"href":"https:\/\/www.europesays.com\/lv\/wp-json\/wp\/v2\/posts"}],"about":[{"href":"https:\/\/www.europesays.com\/lv\/wp-json\/wp\/v2\/types\/post"}],"author":[{"embeddable":true,"href":"https:\/\/www.europesays.com\/lv\/wp-json\/wp\/v2\/users\/2"}],"replies":[{"embeddable":true,"href":"https:\/\/www.europesays.com\/lv\/wp-json\/wp\/v2\/comments?post=23082"}],"version-history":[{"count":0,"href":"https:\/\/www.europesays.com\/lv\/wp-json\/wp\/v2\/posts\/23082\/revisions"}],"wp:featuredmedia":[{"embeddable":true,"href":"https:\/\/www.europesays.com\/lv\/wp-json\/wp\/v2\/media\/23083"}],"wp:attachment":[{"href":"https:\/\/www.europesays.com\/lv\/wp-json\/wp\/v2\/media?parent=23082"}],"wp:term":[{"taxonomy":"category","embeddable":true,"href":"https:\/\/www.europesays.com\/lv\/wp-json\/wp\/v2\/categories?post=23082"},{"taxonomy":"post_tag","embeddable":true,"href":"https:\/\/www.europesays.com\/lv\/wp-json\/wp\/v2\/tags?post=23082"}],"curies":[{"name":"wp","href":"https:\/\/api.w.org\/{rel}","templated":true}]}}