{"id":23084,"date":"2025-10-17T05:19:07","date_gmt":"2025-10-17T05:19:07","guid":{"rendered":"https:\/\/www.europesays.com\/lv\/23084\/"},"modified":"2025-10-17T05:19:07","modified_gmt":"2025-10-17T05:19:07","slug":"afganistana-vaino-pakistanu-divos-dronu-triecienos-kabulai","status":"publish","type":"post","link":"https:\/\/www.europesays.com\/lv\/23084\/","title":{"rendered":"Afganist\u0101na vaino Pakist\u0101nu divos dronu triecienos Kabulai"},"content":{"rendered":"<p>\u0160ie triecieni notiku\u0161i neilgi pirms tam, kad abas kaimi\u0146valstis pazi\u0146oja par pamieru p\u0113c vair\u0101kas dienas ilgu\u0161\u0101m bru\u0146ot\u0101m sadursm\u0113m, kur\u0101s nogalin\u0101ti desmitiem cilv\u0113ku un ievainoti vair\u0101ki simti.<\/p>\n<p>Pamiers tre\u0161dien vismaz uz laiku izbeidza smag\u0101k\u0101s sadursmes upuru skaita zi\u0146\u0101 starp ab\u0101m valst\u012bm kop\u0161 2021. gada, kad <a href=\"https:\/\/www.tvnet.lv\/term\/567475\/talibi\" class=\"topicLink\" target=\"_blank\" rel=\"nofollow noopener\">talibi<\/a> atguva varu Afganist\u0101n\u0101 p\u0113c Rietumvalstu atbalst\u012bt\u0101s vald\u012bbas kri\u0161anas.<\/p>\n<p>Isl\u0101mabada v\u0113l nav rea\u0123\u0113jusi uz jaunaj\u0101m aps\u016bdz\u012bb\u0101m, un v\u0113l nebija skaidrs, k\u0101 t\u0101s ietekm\u0113s pamieru, kuru ceturtdien atzin\u012bgi nov\u0113rt\u0113ja ANO cilv\u0113kties\u012bbu augstais komis\u0101rs Folkers Tirks.<\/p>\n<p>Pakist\u0101nas amatpersonas, kas v\u0113l\u0113j\u0101s saglab\u0101t anonimit\u0101ti, iepriek\u0161 pav\u0113st\u012bja zi\u0146u a\u0123ent\u016brai &#8220;Associated Press&#8221; (AP), ka Pakist\u0101nas bru\u0146otie sp\u0113ki tre\u0161dien uzbruku\u0161i kaujinieku sl\u0113ptuv\u0113m.<\/p>\n<p>Kabulas policijas priek\u0161nieka preses sekret\u0101rs pazi\u0146oja, ka triecieni Kabulai veikti tre\u0161dienas p\u0113cpusdien\u0101. Droni tr\u0101p\u012bja civilam namam un tirgum. Slimn\u012bcas \u0101rsti pav\u0113st\u012bja, ka \u0161ajos triecienos pieci cilv\u0113ki tika nogalin\u0101ti un desmitiem ievainoti.<\/p>\n<p>Nevalstisk\u0101s organiz\u0101cijas &#8220;Emergency&#8221; \u0137irur\u0123ijas centrs inform\u0113ja, ka cilv\u0113ki guvu\u0161i \u0161rapne\u013ca ievainojumus, trieciena sp\u0113ka rad\u012btas traumas un apdegumus.<\/p>\n<p>Pag\u0101ju\u0161aj\u0101 ned\u0113\u013c\u0101 Kabul\u0101 un Afganist\u0101nas dienvidaustrumos notika bru\u0146ota vardarb\u012bba un spr\u0101dzieni, un talibu vald\u012bba notiku\u0161aj\u0101 vainoja Islamabadu.<\/p>\n<p><a href=\"https:\/\/www.tvnet.lv\/term\/555969\/afganistana\" class=\"topicLink\" target=\"_blank\" rel=\"nofollow noopener\">Afganist\u0101na<\/a> p\u0113c tam uzs\u0101ka ofens\u012bvu pie robe\u017eas, bet <a href=\"https:\/\/www.tvnet.lv\/term\/557010\/pakistana\" class=\"topicLink\" target=\"_blank\" rel=\"nofollow noopener\">Pakist\u0101na<\/a> sol\u012bja stingru atbildi. Sestdien ap\u0161aud\u0113s tika nogalin\u0101ti vair\u0101ki desmiti cilv\u0113ku.<\/p>\n<p>ANO Atbalsta misija Afganist\u0101n\u0101 (UNAMA) ceturtdien pazi\u0146oja, ka \u0161oned\u0113\u013c sadursm\u0113s pie robe\u017eas Afganist\u0101n\u0101 g\u0101ju\u0161i boj\u0101 37 civiliedz\u012bvot\u0101ji, bet 425 tiku\u0161i ievainoti. Upuri un cietu\u0161ie re\u0123istr\u0113ti se\u0161\u0101s provinc\u0113s.<\/p>\n<p>Pakist\u0101na nav sniegusi zi\u0146as par civilo upuru skaitu sav\u0101 teritorij\u0101.<\/p>\n<p>Islamabada, kas saskaras ar uzbrukumu atjauno\u0161anos pret t\u0101s dro\u0161\u012bbas sp\u0113kiem, aps\u016bdz Afganist\u0101nu, ka t\u0101 sniedz patv\u0113rumu Pakist\u0101nas talibu (TTP) vad\u012btajiem kaujiniekiem.<\/p>\n","protected":false},"excerpt":{"rendered":"\u0160ie triecieni notiku\u0161i neilgi pirms tam, kad abas kaimi\u0146valstis pazi\u0146oja par pamieru p\u0113c vair\u0101kas dienas ilgu\u0161\u0101m bru\u0146ot\u0101m sadursm\u0113m,&hellip;\n","protected":false},"author":2,"featured_media":23085,"comment_status":"","ping_status":"","sticky":false,"template":"","format":"standard","meta":{"footnotes":""},"categories":[14],"tags":[872,23,57,28,29,32,33,22,7214,30,31,35,39,38,36,37,34,40,20,6209,26,27,3591,873,24,25,54,55,56,21,58],"class_list":{"0":"post-23084","1":"post","2":"type-post","3":"status-publish","4":"format-standard","5":"has-post-thumbnail","7":"category-zinas-no-arvalstim","8":"tag-afganistana","9":"tag-aktualitates","10":"tag-arvalstim","11":"tag-breaking-news","12":"tag-breakingnews","13":"tag-featured-news","14":"tag-featurednews","15":"tag-headlines","16":"tag-kabula","17":"tag-latest-news","18":"tag-latestnews","19":"tag-latvia","20":"tag-latvian","21":"tag-latviesu","22":"tag-latviesu-valoda","23":"tag-latviesuvaloda","24":"tag-latvija","25":"tag-lv","26":"tag-news","27":"tag-pakistana","28":"tag-popularakas-zinas","29":"tag-popularakaszinas","30":"tag-taliban","31":"tag-talibi","32":"tag-top-stories","33":"tag-topstories","34":"tag-world","35":"tag-world-news","36":"tag-worldnews","37":"tag-zinas","38":"tag-zinas-no-arvalstim"},"share_on_mastodon":{"url":"","error":""},"_links":{"self":[{"href":"https:\/\/www.europesays.com\/lv\/wp-json\/wp\/v2\/posts\/23084","targetHints":{"allow":["GET"]}}],"collection":[{"href":"https:\/\/www.europesays.com\/lv\/wp-json\/wp\/v2\/posts"}],"about":[{"href":"https:\/\/www.europesays.com\/lv\/wp-json\/wp\/v2\/types\/post"}],"author":[{"embeddable":true,"href":"https:\/\/www.europesays.com\/lv\/wp-json\/wp\/v2\/users\/2"}],"replies":[{"embeddable":true,"href":"https:\/\/www.europesays.com\/lv\/wp-json\/wp\/v2\/comments?post=23084"}],"version-history":[{"count":0,"href":"https:\/\/www.europesays.com\/lv\/wp-json\/wp\/v2\/posts\/23084\/revisions"}],"wp:featuredmedia":[{"embeddable":true,"href":"https:\/\/www.europesays.com\/lv\/wp-json\/wp\/v2\/media\/23085"}],"wp:attachment":[{"href":"https:\/\/www.europesays.com\/lv\/wp-json\/wp\/v2\/media?parent=23084"}],"wp:term":[{"taxonomy":"category","embeddable":true,"href":"https:\/\/www.europesays.com\/lv\/wp-json\/wp\/v2\/categories?post=23084"},{"taxonomy":"post_tag","embeddable":true,"href":"https:\/\/www.europesays.com\/lv\/wp-json\/wp\/v2\/tags?post=23084"}],"curies":[{"name":"wp","href":"https:\/\/api.w.org\/{rel}","templated":true}]}}