{"id":23103,"date":"2025-10-17T05:39:07","date_gmt":"2025-10-17T05:39:07","guid":{"rendered":"https:\/\/www.europesays.com\/lv\/23103\/"},"modified":"2025-10-17T05:39:07","modified_gmt":"2025-10-17T05:39:07","slug":"pamiera-iespejas-minimalas-kas-ekspertiem-sakams-par-planoto-putina-un-trampa-tiksanos","status":"publish","type":"post","link":"https:\/\/www.europesays.com\/lv\/23103\/","title":{"rendered":"Pamiera iesp\u0113jas \u2013 minim\u0101las. Kas ekspertiem sak\u0101ms par pl\u0101noto Putina un Trampa tik\u0161anos?"},"content":{"rendered":"<p>\u201cPat ja Putins b\u016btu gatavs nedaudz mazin\u0101t spriedzi, Krievijai joproj\u0101m ir iev\u0113rojams sp\u0113ks turpin\u0101t triecienus \u2013 ar artil\u0113riju, droniem un uzbrukumiem dzi\u013ci Ukrainas teritorij\u0101. Pat ja front\u0113 uzbrukumi k\u013c\u016btu l\u0113n\u0101ki, Maskava joproj\u0101m sp\u0113j rad\u012bt post\u012bjumus un haosu Ukrainas iek\u0161ien\u0113, cen\u0161oties mazin\u0101t sabiedr\u012bbas iztur\u012bbu un tic\u012bbu uzvarai. No Trampa administr\u0101cijas p\u0113d\u0113j\u0101 laik\u0101 ir izskan\u0113ju\u0161i da\u017ei cer\u012bgi sign\u0101li \u0161aj\u0101 virzien\u0101 un atliek tikai cer\u0113t, ka tiem sekos ar\u012b konkr\u0113ta r\u012bc\u012bba. Lai gan ir iesp\u0113jams pan\u0101kt, lai kar\u0161 Krievijai k\u013c\u016btu arvien d\u0101rg\u0101ks \u2013 gan ar t\u0101ldarb\u012bbas triecieniem, gan ekonomisko spiedienu \u2013 tas pras\u012bs daudz liel\u0101ku Rietumu ap\u0146\u0113m\u012bbu un atbalstu.\u201d<\/p>\n","protected":false},"excerpt":{"rendered":"\u201cPat ja Putins b\u016btu gatavs nedaudz mazin\u0101t spriedzi, Krievijai joproj\u0101m ir iev\u0113rojams sp\u0113ks turpin\u0101t triecienus \u2013 ar artil\u0113riju,&hellip;\n","protected":false},"author":2,"featured_media":23104,"comment_status":"","ping_status":"","sticky":false,"template":"","format":"standard","meta":{"footnotes":""},"categories":[5],"tags":[23,5335,28,29,32,33,22,30,31,35,39,38,36,37,34,40,20,26,27,24,25,21],"class_list":{"0":"post-23103","1":"post","2":"type-post","3":"status-publish","4":"format-standard","5":"has-post-thumbnail","7":"category-aktualitates","8":"tag-aktualitates","9":"tag-asvkars-ukrainakrievijavladimirs-putinsvolodimirs-zelenskis","10":"tag-breaking-news","11":"tag-breakingnews","12":"tag-featured-news","13":"tag-featurednews","14":"tag-headlines","15":"tag-latest-news","16":"tag-latestnews","17":"tag-latvia","18":"tag-latvian","19":"tag-latviesu","20":"tag-latviesu-valoda","21":"tag-latviesuvaloda","22":"tag-latvija","23":"tag-lv","24":"tag-news","25":"tag-popularakas-zinas","26":"tag-popularakaszinas","27":"tag-top-stories","28":"tag-topstories","29":"tag-zinas"},"share_on_mastodon":{"url":"","error":""},"_links":{"self":[{"href":"https:\/\/www.europesays.com\/lv\/wp-json\/wp\/v2\/posts\/23103","targetHints":{"allow":["GET"]}}],"collection":[{"href":"https:\/\/www.europesays.com\/lv\/wp-json\/wp\/v2\/posts"}],"about":[{"href":"https:\/\/www.europesays.com\/lv\/wp-json\/wp\/v2\/types\/post"}],"author":[{"embeddable":true,"href":"https:\/\/www.europesays.com\/lv\/wp-json\/wp\/v2\/users\/2"}],"replies":[{"embeddable":true,"href":"https:\/\/www.europesays.com\/lv\/wp-json\/wp\/v2\/comments?post=23103"}],"version-history":[{"count":0,"href":"https:\/\/www.europesays.com\/lv\/wp-json\/wp\/v2\/posts\/23103\/revisions"}],"wp:featuredmedia":[{"embeddable":true,"href":"https:\/\/www.europesays.com\/lv\/wp-json\/wp\/v2\/media\/23104"}],"wp:attachment":[{"href":"https:\/\/www.europesays.com\/lv\/wp-json\/wp\/v2\/media?parent=23103"}],"wp:term":[{"taxonomy":"category","embeddable":true,"href":"https:\/\/www.europesays.com\/lv\/wp-json\/wp\/v2\/categories?post=23103"},{"taxonomy":"post_tag","embeddable":true,"href":"https:\/\/www.europesays.com\/lv\/wp-json\/wp\/v2\/tags?post=23103"}],"curies":[{"name":"wp","href":"https:\/\/api.w.org\/{rel}","templated":true}]}}