{"id":23111,"date":"2025-10-17T05:45:07","date_gmt":"2025-10-17T05:45:07","guid":{"rendered":"https:\/\/www.europesays.com\/lv\/23111\/"},"modified":"2025-10-17T05:45:07","modified_gmt":"2025-10-17T05:45:07","slug":"alianses-speki-var-rikoties-pirms-5-panta-iedarbinasanas-norada-latvijas-vestnieks-nato","status":"publish","type":"post","link":"https:\/\/www.europesays.com\/lv\/23111\/","title":{"rendered":"Alianses sp\u0113ki var r\u012bkoties pirms 5. panta iedarbin\u0101\u0161anas, nor\u0101da Latvijas v\u0113stnieks NATO"},"content":{"rendered":"<p>Vi\u0146\u0161 skaidroja, ka visai <a href=\"https:\/\/www.tvnet.lv\/term\/9898\/nato\" class=\"topicLink\" target=\"_blank\" rel=\"nofollow noopener\">NATO<\/a> teritorijai ir izstr\u0101d\u0101ti re\u0123ion\u0101li aizsardz\u012bbas pl\u0101ni, un Latvija ietilpst centra aizsardz\u012bbas pl\u0101n\u0101. NATO augst\u0101kajam komandierim Eirop\u0101 ir pilnvaras rea\u0123\u0113t uz kr\u012bzes veido\u0161anos, ja sabiedroto izl\u016bkdienesti konstat\u0113 bru\u0146oto sp\u0113ku neparastu koncentr\u0113\u0161anos pie robe\u017e\u0101m.<\/p>\n<p>&#8220;Tas noz\u012bm\u0113, ka nav j\u0101gaida form\u0101la 5. panta iedarbin\u0101\u0161ana, jo NATO sp\u0113kiem ir pilnvaras veikt zin\u0101mas darb\u012bbas potenci\u0101l\u0101 agresora attur\u0113\u0161anai,&#8221; sac\u012bja Rieksti\u0146\u0161.<\/p>\n<p>Biju\u0161ais Latvijas \u0101rlietu ministrs nor\u0101d\u012bja, ka Zieme\u013catlantijas l\u012bguma 5. pants paredz gan kolekt\u012bvu, gan individu\u0101lu dal\u012bbvalstu atbalstu, un sabiedrotie var sniegt pal\u012bdz\u012bbu ar\u012b pirms politiska l\u0113muma pie\u0146em\u0161anas Brisel\u0113.<\/p>\n<p>&#8220;Dal\u012bbvalstis, ratific\u0113jot NATO l\u012bgumu un tai skait\u0101 5. pantu, ir pateiku\u0161as, ka t\u0101m ir pien\u0101kums sniegt pal\u012bdz\u012bbu valstij, kas ciet\u012bs no agresijas. Tas pat nav ap\u0161aub\u0101ms,&#8221; vi\u0146\u0161 teica, piebilstot, ka uzsvars ir uz nekav\u0113jo\u0161u pal\u012bdz\u012bbu, kas paredz\u0113ta l\u012bgum\u0101.<\/p>\n<p>P\u0113c Rieksti\u0146a sac\u012bt\u0101, 5. pants nenosaka tikai milit\u0101ro pal\u012bdz\u012bbu. Vi\u0146\u0161 atg\u0101din\u0101ja, ka alianses v\u0113stur\u0113 Zieme\u013catlantijas l\u012bguma 5. pants ir iedarbin\u0101ts vienu reizi &#8211; p\u0113c 2001. gada 11. septembra teroristu uzbrukumiem ASV.<\/p>\n<p>Latvijas v\u0113stnieks NATO uzsv\u0113ra, ka ne vienm\u0113r milit\u0101r\u0101 pal\u012bdz\u012bba ir tas, ko konkr\u0113t\u0101 valsts taj\u0101 br\u012bd\u012b var sniegt. K\u0101 piem\u0113ru v\u0113stnieks min\u0113ja \u010cehijas specializ\u0101ciju \u0137\u012bmisko uzbrukumu atvair\u012b\u0161an\u0101 vai citu dal\u012bbvalstu specifisk\u0101s sp\u0113jas.<\/p>\n","protected":false},"excerpt":{"rendered":"Vi\u0146\u0161 skaidroja, ka visai NATO teritorijai ir izstr\u0101d\u0101ti re\u0123ion\u0101li aizsardz\u012bbas pl\u0101ni, un Latvija ietilpst centra aizsardz\u012bbas pl\u0101n\u0101. NATO&hellip;\n","protected":false},"author":2,"featured_media":23112,"comment_status":"","ping_status":"","sticky":false,"template":"","format":"standard","meta":{"footnotes":""},"categories":[5],"tags":[23,28,29,32,33,22,74,30,31,35,39,38,36,37,34,40,71,20,26,27,24,25,21],"class_list":{"0":"post-23111","1":"post","2":"type-post","3":"status-publish","4":"format-standard","5":"has-post-thumbnail","7":"category-aktualitates","8":"tag-aktualitates","9":"tag-breaking-news","10":"tag-breakingnews","11":"tag-featured-news","12":"tag-featurednews","13":"tag-headlines","14":"tag-krievijas-iebrukums-ukraina","15":"tag-latest-news","16":"tag-latestnews","17":"tag-latvia","18":"tag-latvian","19":"tag-latviesu","20":"tag-latviesu-valoda","21":"tag-latviesuvaloda","22":"tag-latvija","23":"tag-lv","24":"tag-nato","25":"tag-news","26":"tag-popularakas-zinas","27":"tag-popularakaszinas","28":"tag-top-stories","29":"tag-topstories","30":"tag-zinas"},"share_on_mastodon":{"url":"","error":""},"_links":{"self":[{"href":"https:\/\/www.europesays.com\/lv\/wp-json\/wp\/v2\/posts\/23111","targetHints":{"allow":["GET"]}}],"collection":[{"href":"https:\/\/www.europesays.com\/lv\/wp-json\/wp\/v2\/posts"}],"about":[{"href":"https:\/\/www.europesays.com\/lv\/wp-json\/wp\/v2\/types\/post"}],"author":[{"embeddable":true,"href":"https:\/\/www.europesays.com\/lv\/wp-json\/wp\/v2\/users\/2"}],"replies":[{"embeddable":true,"href":"https:\/\/www.europesays.com\/lv\/wp-json\/wp\/v2\/comments?post=23111"}],"version-history":[{"count":0,"href":"https:\/\/www.europesays.com\/lv\/wp-json\/wp\/v2\/posts\/23111\/revisions"}],"wp:featuredmedia":[{"embeddable":true,"href":"https:\/\/www.europesays.com\/lv\/wp-json\/wp\/v2\/media\/23112"}],"wp:attachment":[{"href":"https:\/\/www.europesays.com\/lv\/wp-json\/wp\/v2\/media?parent=23111"}],"wp:term":[{"taxonomy":"category","embeddable":true,"href":"https:\/\/www.europesays.com\/lv\/wp-json\/wp\/v2\/categories?post=23111"},{"taxonomy":"post_tag","embeddable":true,"href":"https:\/\/www.europesays.com\/lv\/wp-json\/wp\/v2\/tags?post=23111"}],"curies":[{"name":"wp","href":"https:\/\/api.w.org\/{rel}","templated":true}]}}