{"id":23140,"date":"2025-10-17T06:15:13","date_gmt":"2025-10-17T06:15:13","guid":{"rendered":"https:\/\/www.europesays.com\/lv\/23140\/"},"modified":"2025-10-17T06:15:13","modified_gmt":"2025-10-17T06:15:13","slug":"dziedataja-samanta-tina-pazino-par-jaunumiem-video","status":"publish","type":"post","link":"https:\/\/www.europesays.com\/lv\/23140\/","title":{"rendered":"dzied\u0101t\u0101ja Samanta T\u012bna pazi\u0146o par jaunumiem (+ VIDEO)"},"content":{"rendered":"<p>        <img loading=\"lazy\" decoding=\"async\" class=\"lazy lazy-hidden size-full wp-image-178144\" src=\"data:image\/gif;base64,R0lGODlhAQABAIAAAAAAAP\/\/\/yH5BAEAAAAALAAAAAABAAEAAAIBRAA7\" data-lazy-type=\"image\" data-lazy-src=\"https:\/\/www.europesays.com\/lv\/wp-content\/uploads\/2025\/10\/samanta3.jpg\" alt=\"\" width=\"818\" height=\"535\" data-lazy- data-lazy-\/>Foto \u2013 ekr\u0101nuz\u0146\u0113mums<\/p>\n<p>Dzied\u0101t\u0101ja Samanta T\u012bna n\u0101kusi klaj\u0101 ar br\u012bni\u0161\u0137\u012bgiem jaunumiem un to past\u0101st\u012bjusi TV3 r\u012bta raid\u012bjum\u0101 \u201c900 sekundes\u201d.<\/p>\n<p>\u201cTas ir par t\u0101d\u0101m liet\u0101m, ko m\u0113s ikdien\u0101 noklus\u0113jam, paturam pie sevis. \u0160\u0137iet, ka visus \u0161os st\u0101stus esam izst\u0101st\u012bju\u0161i, bet paties\u012bb\u0101, manupr\u0101t, noklus\u0113jam, jo varb\u016bt negribam t\u0101m liet\u0101m pieskarties,\u201d \u2013 dzied\u0101t\u0101ja atz\u012bst. \u2013 \u201cUn tas ir t\u0101das iek\u0161\u0113jas sarunas ar sevi. Kaut kas t\u0101ds, ko zin\u0101m tikai m\u0113s. Bet k\u0101dreiz k\u0101ds pasaka t\u0101, un m\u0113s sevi pie\u0137eram pie domas \u2013 k\u0101 vi\u0146\u0161 to var\u0113ja zin\u0101t, jo to par sevi zinu tikai es\u2026\u201d<\/p>\n<p>Ar komponistu Rihardu Za\u013cupi san\u0101ca \u201cnepl\u0101nots duets\u201d. Rihards studij\u0101 iedzied\u0101ja demo versiju, Samanta uzdzied\u0101ja \u201cpa virsu\u201d un p\u0113c tam vairs nevar\u0113ja iedom\u0101ties to dziesmu bez Riharda balss. T\u0101 ar\u012b notika tas nepl\u0101notais.<\/p>\n<p><img loading=\"lazy\" decoding=\"async\" class=\"lazy lazy-hidden size-full wp-image-159277\" src=\"data:image\/gif;base64,R0lGODlhAQABAIAAAAAAAP\/\/\/yH5BAEAAAAALAAAAAABAAEAAAIBRAA7\" data-lazy-type=\"image\" data-lazy-src=\"https:\/\/www.europesays.com\/lv\/wp-content\/uploads\/2025\/10\/tina_samanta.jpg\" alt=\"\" width=\"818\" height=\"541\" data-lazy- data-lazy-\/>Foto \u2013 \u0160eila Orlova (publicit\u0101tes foto)<\/p>\n<p>Apvienoti gan sv\u0113tie raksti, gan mantas, gan latvie\u0161u tautasdziesmas, un to visu apvienojot ar komponista Riharda Za\u013cupes m\u016bziku, ir ieg\u016bts\u00a0 skaists, hipnotiz\u0113jo\u0161s albums \u201cNepateiktais\u201d, kas \u0161odien nok\u013cuvis pie klaus\u012bt\u0101jiem un dzied\u0101t\u0101ja ar to iepaz\u012bstina.<\/p>\n<blockquote class=\"wp-embedded-content\" data-secret=\"zK1BDRoFt6\">\n<p><a href=\"https:\/\/dzentlmenis.lv\/sis-zvaigznu-zimes-veiksme-pavadis-lidz-pat-gada-beigam-naudinas-netruks-un-bus-patikami-parsteigumi\/212914\/\" rel=\"nofollow noopener\" target=\"_blank\">\u0160\u012bs Zvaig\u017e\u0146u z\u012bmes veiksme pavad\u012bs l\u012bdz pat gada beig\u0101m: naudi\u0146as netr\u016bks un b\u016bs pat\u012bkami p\u0101rsteigumi<\/a><\/p>\n<\/blockquote>\n<p><img decoding=\"async\" src=\"data:image\/gif;base64,R0lGODlhAQABAIAAAAAAAP\/\/\/yH5BAEAAAAALAAAAAABAAEAAAIBRAA7\" class=\"lazy lazy-hidden\" data-lazy-type=\"iframe\" data-lazy-src=\"&lt;iframe loading=&quot;lazy&quot; class=&quot;wp-embedded-content&quot; sandbox=&quot;allow-scripts&quot; security=&quot;restricted&quot; style=&quot;position: absolute; visibility: hidden;&quot; title=&quot;\u201c\u0160\u012bs Zvaig\u017e\u0146u z\u012bmes veiksme pavad\u012bs l\u012bdz pat gada beig\u0101m: naudi\u0146as netr\u016bks un b\u016bs pat\u012bkami p\u0101rsteigumi\u201d \u2014 D\u017eentlmenis.lv&quot; src=&quot;https:\/\/dzentlmenis.lv\/sis-zvaigznu-zimes-veiksme-pavadis-lidz-pat-gada-beigam-naudinas-netruks-un-bus-patikami-parsteigumi\/212914\/embed\/#?secret=43SHjwUQxd#?secret=zK1BDRoFt6&quot; data-secret=&quot;zK1BDRoFt6&quot; width=&quot;600&quot; height=&quot;338&quot; frameborder=&quot;0&quot; marginwidth=&quot;0&quot; marginheight=&quot;0&quot; scrolling=&quot;no&quot;&gt;&lt;\/iframe&gt;\" alt=\"\"\/><\/p>\n<p>Lasi v\u0113l:\u00a0<a style=\"color: #ff0000;\" href=\"https:\/\/dzentlmenis.lv\/tas-pasas-suligas-kotletes-kas-garso-ka-berniba-mana-krustmate-dalijas-ar-savu-gimenes-recepti\/212675\/\" target=\"_blank\" rel=\"noopener nofollow\">T\u0101s pa\u0161as sul\u012bg\u0101s kotletes, kas gar\u0161o \u201ck\u0101 b\u0113rn\u012bb\u0101\u201d: mana krustm\u0101te dal\u012bj\u0101s ar savu \u0123imenes recepti<\/a><\/p>\n<p>\u201cMan par lielu p\u0101rsteigumu, alb\u016bm\u0101 piedal\u0101s ar\u012b pats Rihards. Ar\u012b mans m\u012b\u013cais \u201cTukuma Za\u013cais koris\u201d, \u010delliste Dace Z\u0101l\u012bte, \u0123it\u0101rists M\u0101rcis Vasi\u013cevskis. Mums bija daudzi l\u012bdz\u0101s un atbalst\u012bja!\u201d \u2013 saka dzied\u0101t\u0101ja.<\/p>\n<p><img loading=\"lazy\" decoding=\"async\" class=\"lazy lazy-hidden size-full wp-image-170171\" src=\"data:image\/gif;base64,R0lGODlhAQABAIAAAAAAAP\/\/\/yH5BAEAAAAALAAAAAABAAEAAAIBRAA7\" data-lazy-type=\"image\" data-lazy-src=\"https:\/\/www.europesays.com\/lv\/wp-content\/uploads\/2025\/10\/tina101.jpg\" alt=\"\" width=\"818\" height=\"545\" data-lazy- data-lazy-\/>Foto \u2013 ekr\u0101nuz\u0146\u0113mums<\/p>\n<blockquote class=\"wp-embedded-content\" data-secret=\"ITGCIYa0k9\">\n<p><a href=\"https:\/\/dzentlmenis.lv\/nopirkam-lielu-maju-kekava-bet-mus-piemanija-stastu-visu-kas-notika\/212873\/\" rel=\"nofollow noopener\" target=\"_blank\">Nopirk\u0101m lielu m\u0101ju \u0136ekav\u0101, bet m\u016bs piem\u0101n\u012bja \u2013 st\u0101stu visu, kas notika<\/a><\/p>\n<\/blockquote>\n<p><img decoding=\"async\" src=\"data:image\/gif;base64,R0lGODlhAQABAIAAAAAAAP\/\/\/yH5BAEAAAAALAAAAAABAAEAAAIBRAA7\" class=\"lazy lazy-hidden\" data-lazy-type=\"iframe\" data-lazy-src=\"&lt;iframe loading=&quot;lazy&quot; class=&quot;wp-embedded-content&quot; sandbox=&quot;allow-scripts&quot; security=&quot;restricted&quot; style=&quot;position: absolute; visibility: hidden;&quot; title=&quot;\u201cNopirk\u0101m lielu m\u0101ju \u0136ekav\u0101, bet m\u016bs piem\u0101n\u012bja \u2013 st\u0101stu visu, kas notika\u201d \u2014 D\u017eentlmenis.lv&quot; src=&quot;https:\/\/dzentlmenis.lv\/nopirkam-lielu-maju-kekava-bet-mus-piemanija-stastu-visu-kas-notika\/212873\/embed\/#?secret=s7XXWWEYrl#?secret=ITGCIYa0k9&quot; data-secret=&quot;ITGCIYa0k9&quot; width=&quot;600&quot; height=&quot;338&quot; frameborder=&quot;0&quot; marginwidth=&quot;0&quot; marginheight=&quot;0&quot; scrolling=&quot;no&quot;&gt;&lt;\/iframe&gt;\" alt=\"\"\/><\/p>\n<p>Bet jau no n\u0101ko\u0161\u0101s ned\u0113\u013cas s\u0101kas jaun\u0101 Samantas T\u012bnas koncertt\u016bre, kur\u0101 turpin\u0101sies \u0161\u012b koncertu s\u0113rija \u2013 ar st\u0101stiem, ar p\u0101rdom\u0101m, ar dal\u012b\u0161anos pieredz\u0113.<\/p>\n<blockquote><p>\n\u201cKlaus\u012bt\u0101ji to var\u0113s izdz\u012bvot caur sevi. Ar \u0161\u012bm transform\u0101cij\u0101m, ar Riharda mantr\u0101m un dziesm\u0101m, manupr\u0101t, tas b\u016bs \u013coti jaud\u012bgi. Man vajag \u013coti lielu drosmi \u2013 pa\u0161ai \u0161\u012bs dziesmas izpild\u012bt, jo Riharda dziesmas ir san\u0101ku\u0161as \u013coti jaud\u012bgas \u2013 taj\u0101s ir t\u0101ds kods, t\u0101das frekvences!\n<\/p><\/blockquote>\n<p>\u00a0<\/p>\n<p>Man ir \u013coti gr\u016bti t\u0101s izpild\u012bt, jo vi\u0146as \u201cstr\u0101d\u0101\u201d uz mani pa\u0161u. T\u0101p\u0113c man ar\u012b b\u016bs liela atbild\u012bba vad\u012bt un vest klaus\u012bt\u0101jus \u0161aj\u0101 ce\u013c\u0101,\u201d \u2013 t\u0101 dzied\u0101t\u0101ja.<\/p>\n<p>Samanta T\u012bna un Rihards Za\u013cupe st\u0101sta par jaunumiem:<br \/><img decoding=\"async\" src=\"data:image\/gif;base64,R0lGODlhAQABAIAAAAAAAP\/\/\/yH5BAEAAAAALAAAAAABAAEAAAIBRAA7\" class=\"lazy lazy-hidden\" data-lazy-type=\"iframe\" data-lazy-src=\"&lt;iframe loading=&quot;lazy&quot; class=&quot;tv3play&quot; src=&quot;https:\/\/play.tv3.lv\/embed-video\/samanta-tina-izdod-albumu-nepateiktais-un-dodas-koncertture,clip-10298027?autoplayOnHover=true&quot; width=&quot;640&quot; height=&quot;360&quot; frameborder=&quot;0&quot; scrolling=&quot;no&quot; allowfullscreen=&quot;allowfullscreen&quot;&gt;&lt;\/iframe&gt;\" alt=\"\"\/><\/p>\n","protected":false},"excerpt":{"rendered":"Foto \u2013 ekr\u0101nuz\u0146\u0113mums Dzied\u0101t\u0101ja Samanta T\u012bna n\u0101kusi klaj\u0101 ar br\u012bni\u0161\u0137\u012bgiem jaunumiem un to past\u0101st\u012bjusi TV3 r\u012bta raid\u012bjum\u0101 \u201c900&hellip;\n","protected":false},"author":2,"featured_media":23141,"comment_status":"","ping_status":"","sticky":false,"template":"","format":"standard","meta":{"footnotes":""},"categories":[5],"tags":[6174,23,28,29,32,33,22,30,31,35,39,38,36,37,34,40,20,26,27,6455,7222,24,25,21],"class_list":{"0":"post-23140","1":"post","2":"type-post","3":"status-publish","4":"format-standard","5":"has-post-thumbnail","7":"category-aktualitates","8":"tag-900-sekundes","9":"tag-aktualitates","10":"tag-breaking-news","11":"tag-breakingnews","12":"tag-featured-news","13":"tag-featurednews","14":"tag-headlines","15":"tag-latest-news","16":"tag-latestnews","17":"tag-latvia","18":"tag-latvian","19":"tag-latviesu","20":"tag-latviesu-valoda","21":"tag-latviesuvaloda","22":"tag-latvija","23":"tag-lv","24":"tag-news","25":"tag-popularakas-zinas","26":"tag-popularakaszinas","27":"tag-rihards-zalupe","28":"tag-samanta-tina","29":"tag-top-stories","30":"tag-topstories","31":"tag-zinas"},"share_on_mastodon":{"url":"","error":""},"_links":{"self":[{"href":"https:\/\/www.europesays.com\/lv\/wp-json\/wp\/v2\/posts\/23140","targetHints":{"allow":["GET"]}}],"collection":[{"href":"https:\/\/www.europesays.com\/lv\/wp-json\/wp\/v2\/posts"}],"about":[{"href":"https:\/\/www.europesays.com\/lv\/wp-json\/wp\/v2\/types\/post"}],"author":[{"embeddable":true,"href":"https:\/\/www.europesays.com\/lv\/wp-json\/wp\/v2\/users\/2"}],"replies":[{"embeddable":true,"href":"https:\/\/www.europesays.com\/lv\/wp-json\/wp\/v2\/comments?post=23140"}],"version-history":[{"count":0,"href":"https:\/\/www.europesays.com\/lv\/wp-json\/wp\/v2\/posts\/23140\/revisions"}],"wp:featuredmedia":[{"embeddable":true,"href":"https:\/\/www.europesays.com\/lv\/wp-json\/wp\/v2\/media\/23141"}],"wp:attachment":[{"href":"https:\/\/www.europesays.com\/lv\/wp-json\/wp\/v2\/media?parent=23140"}],"wp:term":[{"taxonomy":"category","embeddable":true,"href":"https:\/\/www.europesays.com\/lv\/wp-json\/wp\/v2\/categories?post=23140"},{"taxonomy":"post_tag","embeddable":true,"href":"https:\/\/www.europesays.com\/lv\/wp-json\/wp\/v2\/tags?post=23140"}],"curies":[{"name":"wp","href":"https:\/\/api.w.org\/{rel}","templated":true}]}}