{"id":2316,"date":"2025-09-22T20:51:08","date_gmt":"2025-09-22T20:51:08","guid":{"rendered":"https:\/\/www.europesays.com\/lv\/2316\/"},"modified":"2025-09-22T20:51:08","modified_gmt":"2025-09-22T20:51:08","slug":"a-europa-turpina-vasaras-koncertu-virpuli-rudens-ture-sola-energiju-un-nostalgiju-lente-lv","status":"publish","type":"post","link":"https:\/\/www.europesays.com\/lv\/2316\/","title":{"rendered":"\u201cA-Europa\u201d turpina vasaras koncertu virpuli \u2013 rudens t\u016bre sola ener\u0123iju un nostalgiju\u00a0\u2014\u00a0Lente.lv"},"content":{"rendered":"<p>A-Europa ruden\u012b turpina vasaras ies\u0101kto koncertu vilni ar ener\u0123iju un nostal\u0123iju<\/p>\n<p>Le\u0123end\u0101r\u0101 Latvijas grupa \u201cA-Europa\u201d, kas pag\u0101ju\u0161aj\u0101 gad\u0101 atz\u012bm\u0113ja savu 25. jubileju, \u0161ogad turpina priec\u0113t klaus\u012bt\u0101jus ar koncertt\u016bri \u201cTuvum\u0101, t\u0101lum\u0101\u201d. P\u0113c vasaras uzst\u0101\u0161an\u0101s vair\u0101k\u0101s Latvijas pils\u0113t\u0101s, grupa ir gatava sniegt v\u0113l vair\u0101k muzik\u0101lu piedz\u012bvojumu ruden\u012b.<\/p>\n<p>Ener\u0123ija un draivs \u2013 A-Europa koncertu neat\u0146emama sast\u0101vda\u013ca<\/p>\n<p>Grupa \u201cA-Europa\u201d ir zin\u0101ma ar savu sp\u0113c\u012bgo ener\u0123iju un nep\u0101rsp\u0113jamo skatuves \u201cdraivu\u201d. \u0160\u012b pieeja saglab\u0101jas ar\u012b jaunaj\u0101s programm\u0101s, kur\u0101s tiek cien\u012bts dziesmu autentiskais skan\u0113jums, atg\u0101dinot laikus, kas pavad\u012bti iem\u012b\u013cotaj\u0101s radiostacij\u0101s, diskot\u0113k\u0101s un naktsklubos. \u0160is muzik\u0101lais mantojums, apvienojum\u0101 ar m\u016bsdienu tehnolo\u0123ij\u0101m un specefektiem, rada neaizmirstamu atmosf\u0113ru ikvien\u0101 pas\u0101kum\u0101.<\/p>\n<p>Iem\u012b\u013cotie hiti un jaunas kompoz\u012bcijas<\/p>\n<p>Koncertos skan\u0113s gan paaud\u017eu iem\u012b\u013cotie grupas hiti, piem\u0113ram, \u201cMeitenes R\u012bg\u0101\u201d, \u201cZiema \u2013 baltas rozes\u201d, \u201cJ\u016brmala\u201d, \u201cTuvum\u0101 t\u0101lum\u0101\u201d, gan ar\u012b jauni ska\u0146darbi, pied\u0101v\u0101jot klaus\u012bt\u0101jiem daudzpus\u012bgu repertu\u0101ru. Grupas l\u012bderis Art\u016brs Duboks, kur\u0161 ir visu dziesmu autors, kop\u0101 ar grupas dal\u012bbniekiem \u2013 solo\u0123it\u0101ristu Jegoru Kova\u013ckovu, tausti\u0146instrument\u0101listu Juri Ruskuli, bundzinieku Mat\u012bsu U\u0161k\u0101nu, k\u0101 ar\u012b dejot\u0101j\u0101m Karol\u012bnu un Anastasiju, sola aizraujo\u0161u \u0161ova programmu.<\/p>\n<p>25 gadu jubileja un turpin\u0101jums<\/p>\n<p>Lai gan grupa savu 25. jubileju atz\u012bm\u0113ja pag\u0101ju\u0161aj\u0101 gad\u0101, t\u0101s rado\u0161ais spars nemazin\u0101s. Grupa turpina akt\u012bvu koncertdarb\u012bbu un ir gatava iepriecin\u0101t arvien jaunus un jaunus klaus\u012bt\u0101jus vis\u0101 Latvij\u0101. Dibin\u0101ta 1999. gad\u0101, \u201cA-Europa\u201d ir izdevusi divus albumus, kas ieguvu\u0161i plat\u012bna diska statusu, un sa\u0146\u0113musi vair\u0101kus apbalvojumus par lab\u0101kajiem deju m\u016bzikas videoklipiem. Grupa ir ne tikai sp\u0113jusi saglab\u0101t savu unik\u0101lo skan\u0113jumu, bet ar\u012b nep\u0101rtraukti att\u012bst\u012bties, nodro\u0161inot svaigumu un aktualit\u0101ti sav\u0101 dai\u013crad\u0113.<\/p>\n<p>Pateic\u012bba klaus\u012bt\u0101jiem un n\u0101kotnes pl\u0101ni<\/p>\n<p>M\u016bzi\u0137i pau\u017e dzi\u013cu pateic\u012bbu saviem klaus\u012bt\u0101jiem par gadu gait\u0101 sniegto atbalstu un pozit\u012bvaj\u0101m emocij\u0101m. Vi\u0146i sola ar\u012b turpm\u0101k gatavot ener\u0123iskus, sirsn\u012bgus un neaizmirstamus koncertus, saglab\u0101jot to unik\u0101lo atmosf\u0113ru, kas padara \u201cA-Europa\u201d tik iem\u012b\u013cotu. Grupa akt\u012bvi izsludina jaunus koncertus un aicina visus m\u016bzikas cien\u012bt\u0101jus sekot l\u012bdzi inform\u0101cijai un ieg\u0101d\u0101ties bi\u013cetes laikus, lai k\u013c\u016btu par da\u013cu no \u0161iem muzik\u0101lajiem sv\u0113tkiem.<\/p>\n","protected":false},"excerpt":{"rendered":"A-Europa ruden\u012b turpina vasaras ies\u0101kto koncertu vilni ar ener\u0123iju un nostal\u0123iju Le\u0123end\u0101r\u0101 Latvijas grupa \u201cA-Europa\u201d, kas pag\u0101ju\u0161aj\u0101 gad\u0101&hellip;\n","protected":false},"author":2,"featured_media":2317,"comment_status":"","ping_status":"","sticky":false,"template":"","format":"standard","meta":{"footnotes":""},"categories":[19],"tags":[1315,1317,1318,89,90,1316,35,39,38,36,37,34,355,40],"class_list":{"0":"post-2316","1":"post","2":"type-post","3":"status-publish","4":"format-standard","5":"has-post-thumbnail","7":"category-izklaide","8":"tag-a-europa","9":"tag-a-europa-koncerti","10":"tag-arturs-duboks","11":"tag-entertainment","12":"tag-izklaide","13":"tag-koncertture","14":"tag-latvia","15":"tag-latvian","16":"tag-latviesu","17":"tag-latviesu-valoda","18":"tag-latviesuvaloda","19":"tag-latvija","20":"tag-latvijas-muzika","21":"tag-lv"},"share_on_mastodon":{"url":"","error":""},"_links":{"self":[{"href":"https:\/\/www.europesays.com\/lv\/wp-json\/wp\/v2\/posts\/2316","targetHints":{"allow":["GET"]}}],"collection":[{"href":"https:\/\/www.europesays.com\/lv\/wp-json\/wp\/v2\/posts"}],"about":[{"href":"https:\/\/www.europesays.com\/lv\/wp-json\/wp\/v2\/types\/post"}],"author":[{"embeddable":true,"href":"https:\/\/www.europesays.com\/lv\/wp-json\/wp\/v2\/users\/2"}],"replies":[{"embeddable":true,"href":"https:\/\/www.europesays.com\/lv\/wp-json\/wp\/v2\/comments?post=2316"}],"version-history":[{"count":0,"href":"https:\/\/www.europesays.com\/lv\/wp-json\/wp\/v2\/posts\/2316\/revisions"}],"wp:featuredmedia":[{"embeddable":true,"href":"https:\/\/www.europesays.com\/lv\/wp-json\/wp\/v2\/media\/2317"}],"wp:attachment":[{"href":"https:\/\/www.europesays.com\/lv\/wp-json\/wp\/v2\/media?parent=2316"}],"wp:term":[{"taxonomy":"category","embeddable":true,"href":"https:\/\/www.europesays.com\/lv\/wp-json\/wp\/v2\/categories?post=2316"},{"taxonomy":"post_tag","embeddable":true,"href":"https:\/\/www.europesays.com\/lv\/wp-json\/wp\/v2\/tags?post=2316"}],"curies":[{"name":"wp","href":"https:\/\/api.w.org\/{rel}","templated":true}]}}