{"id":23185,"date":"2025-10-17T07:01:07","date_gmt":"2025-10-17T07:01:07","guid":{"rendered":"https:\/\/www.europesays.com\/lv\/23185\/"},"modified":"2025-10-17T07:01:07","modified_gmt":"2025-10-17T07:01:07","slug":"si-izskatas-pec-neveiksmigas-izveles-ijabs-par-trampa-un-putina-tiksanos-ungarija","status":"publish","type":"post","link":"https:\/\/www.europesays.com\/lv\/23185\/","title":{"rendered":"&#8220;\u0160\u012b izskat\u0101s p\u0113c neveiksm\u012bgas izv\u0113les.&#8221; Ijabs par Trampa un Putina tik\u0161anos Ung\u0101rij\u0101"},"content":{"rendered":"<p>Vienlaikus vi\u0146\u0161 atzina, ka Savienoto Valstu administr\u0101cijas un prezidenta Donalda Trampa tonis un attieksme pret Krievijas s\u0101kto karu Ukrain\u0101 laika gait\u0101 ir main\u012bjusies, un \u0161obr\u012bd izpratne ir lab\u0101ka, nek\u0101 t\u0101 bija, piem\u0113ram, pirms pusgada.<\/p>\n<blockquote class=\"quote ck-widget\" contenteditable=\"false\">\n<p>Jaut\u0101ts, ar kuriem pasaules l\u012bderiem Tramps var\u0113tu vienoties un kuri var\u0113tu b\u016bt vi\u0146a pus\u0113, m\u0113\u0123inot rast risin\u0101jumu situ\u0101cijai Ukrain\u0101, eiroparlament\u0101rietis atbild\u0113ja, ka Trampa pus\u0113 faktiski ir visa Eiropa, kuru \u0161is kar\u0161 skar vistie\u0161\u0101k un kura vienlaikus apzin\u0101s, ka nevar tikt gal\u0101 viena pati bez ASV pal\u012bdz\u012bbas.<\/p>\n<\/blockquote>\n<p>L\u016bgts koment\u0113t, k\u0101 raug\u0101s uz to, ka par Trampa un Putina tik\u0161an\u0101s vietu izraudz\u012bta <a href=\"https:\/\/www.apollo.lv\/term\/555908\/ungarija\" class=\"topicLink\" target=\"_blank\" rel=\"nofollow noopener\">Ung\u0101rija<\/a>, kur\u0101 saimnieko Kremlim draudz\u012bgais premjerministrs Viktors Orb\u0101ns, Ijabs atzina, ka \u0161\u012b izskat\u0101s p\u0113c neveiksm\u012bgas izv\u0113les, ta\u010du j\u0101atceras, ka Trampam ir sare\u017e\u0123\u012btas person\u012bg\u0101s attiec\u012bbas ar daudzu Eiropas valstu l\u012bderiem.<\/p>\n<p>Tom\u0113r, neraugoties uz tik\u0161an\u0101s vietu, galvenais b\u016bs t\u0101s saturs un rezult\u0101ts, uzskata Ijabs. &#8220;Es dom\u0101ju, ka [Ukrainas prezidentam] Volodimiram Zelenskim, \u0146emot v\u0113r\u0101 vi\u0146a st\u0101ju un poz\u012bciju, neb\u016bs probl\u0113mas aizbraukt ar\u012b uz Budape\u0161tu. Jaut\u0101jums, vai tur ir rezult\u0101ts, vai taj\u0101s sarun\u0101s patie\u0161\u0101m netiek kaut k\u0101d\u0101 veid\u0101 b\u016btiski aizskartas Ukrainas intereses,&#8221; koment\u0113ja politi\u0137is.<\/p>\n<p>K\u0101 zi\u0146ots, ASV prezidents Tramps gatavojas tikties ar Putinu Ung\u0101rijas galvaspils\u0113t\u0101 Budape\u0161t\u0101, p\u0113c telefonsarunas ar Krievijas diktatoru ceturtdien pazi\u0146oja Balt\u0101 nama saimnieks.<\/p>\n<p>Konkr\u0113tu iesp\u0113jam\u0101s tik\u0161an\u0101s datumu Tramps nemin\u0113ja, ta\u010du pazi\u0146oja, ka sarunas laik\u0101 esot pan\u0101kts &#8220;liels progress&#8221;.<\/p>\n<p>Soci\u0101l\u0101s sazi\u0146as vietn\u0113s vi\u0146\u0161 izteic\u0101s, ka tik\u0161an\u0101s Budape\u0161t\u0101 \u013cau\u0161ot noskaidrot, &#8220;vai m\u0113s varam izbeigt \u0161o b\u0113d\u012bgo karu starp Krieviju un Ukrainu&#8221;.<\/p>\n<p>Pirms Trampa un Putina tik\u0161an\u0101s n\u0101kamned\u0113\u013c ar Krievijas p\u0101rst\u0101vjiem tiksies ASV valsts sekret\u0101rs Marks Rubio, savuk\u0101rt jau piektdien Va\u0161ington\u0101 Tramps tiekas ar Zelenski.<\/p>\n","protected":false},"excerpt":{"rendered":"Vienlaikus vi\u0146\u0161 atzina, ka Savienoto Valstu administr\u0101cijas un prezidenta Donalda Trampa tonis un attieksme pret Krievijas s\u0101kto karu&hellip;\n","protected":false},"author":2,"featured_media":23186,"comment_status":"","ping_status":"","sticky":false,"template":"","format":"standard","meta":{"footnotes":""},"categories":[14],"tags":[23,57,28,29,542,32,33,22,7235,30,31,35,39,38,36,37,34,40,20,26,27,24,25,2497,235,54,55,56,21,58],"class_list":{"0":"post-23185","1":"post","2":"type-post","3":"status-publish","4":"format-standard","5":"has-post-thumbnail","7":"category-zinas-no-arvalstim","8":"tag-aktualitates","9":"tag-arvalstim","10":"tag-breaking-news","11":"tag-breakingnews","12":"tag-donalds-tramps","13":"tag-featured-news","14":"tag-featurednews","15":"tag-headlines","16":"tag-ivars-ijabs","17":"tag-latest-news","18":"tag-latestnews","19":"tag-latvia","20":"tag-latvian","21":"tag-latviesu","22":"tag-latviesu-valoda","23":"tag-latviesuvaloda","24":"tag-latvija","25":"tag-lv","26":"tag-news","27":"tag-popularakas-zinas","28":"tag-popularakaszinas","29":"tag-top-stories","30":"tag-topstories","31":"tag-ungarija","32":"tag-vladimirs-putins","33":"tag-world","34":"tag-world-news","35":"tag-worldnews","36":"tag-zinas","37":"tag-zinas-no-arvalstim"},"share_on_mastodon":{"url":"","error":""},"_links":{"self":[{"href":"https:\/\/www.europesays.com\/lv\/wp-json\/wp\/v2\/posts\/23185","targetHints":{"allow":["GET"]}}],"collection":[{"href":"https:\/\/www.europesays.com\/lv\/wp-json\/wp\/v2\/posts"}],"about":[{"href":"https:\/\/www.europesays.com\/lv\/wp-json\/wp\/v2\/types\/post"}],"author":[{"embeddable":true,"href":"https:\/\/www.europesays.com\/lv\/wp-json\/wp\/v2\/users\/2"}],"replies":[{"embeddable":true,"href":"https:\/\/www.europesays.com\/lv\/wp-json\/wp\/v2\/comments?post=23185"}],"version-history":[{"count":0,"href":"https:\/\/www.europesays.com\/lv\/wp-json\/wp\/v2\/posts\/23185\/revisions"}],"wp:featuredmedia":[{"embeddable":true,"href":"https:\/\/www.europesays.com\/lv\/wp-json\/wp\/v2\/media\/23186"}],"wp:attachment":[{"href":"https:\/\/www.europesays.com\/lv\/wp-json\/wp\/v2\/media?parent=23185"}],"wp:term":[{"taxonomy":"category","embeddable":true,"href":"https:\/\/www.europesays.com\/lv\/wp-json\/wp\/v2\/categories?post=23185"},{"taxonomy":"post_tag","embeddable":true,"href":"https:\/\/www.europesays.com\/lv\/wp-json\/wp\/v2\/tags?post=23185"}],"curies":[{"name":"wp","href":"https:\/\/api.w.org\/{rel}","templated":true}]}}