{"id":23193,"date":"2025-10-17T07:17:08","date_gmt":"2025-10-17T07:17:08","guid":{"rendered":"https:\/\/www.europesays.com\/lv\/23193\/"},"modified":"2025-10-17T07:17:08","modified_gmt":"2025-10-17T07:17:08","slug":"esam-devusi-skaidru-signalu-ehl-dibinatajs-bridina-asinainaja-kautina-iesaistitos","status":"publish","type":"post","link":"https:\/\/www.europesays.com\/lv\/23193\/","title":{"rendered":"&#8220;Esam devu\u0161i skaidru sign\u0101lu&#8230;&#8221; \u2013 EHL dibin\u0101t\u0101js br\u012bdina asi\u0146ainaj\u0101 kauti\u0146\u0101 iesaist\u012btos"},"content":{"rendered":"<p>\u0160\u012b m\u0113ne\u0161a s\u0101kum\u0101 risin\u0101j\u0101s \u0161ok\u0113jo\u0161i notikumi Latvij\u0101 \u0101rk\u0101rt\u012bgi popul\u0101raj\u0101 Entuziastu hokeja l\u012bg\u0101 (EHL) \u2013 provok\u0101cijas, l\u0113ti sitieni no muguras, jaukt\u0101s c\u012b\u0146as m\u0101kslas pa\u0146\u0113mieni, asins pe\u013c\u0137e un pat izteiksm\u012bgs treneru kauti\u0146\u0161 uz soli\u0146a. Skati, ko cilv\u0113kiem ar v\u0101jiem nerviem lab\u0101k neredz\u0113t. Turn\u012bra r\u012bkot\u0101ji vain\u012bgajiem izdal\u012bja diskvalifik\u0101cijas, bet l\u012bgas dibin\u0101t\u0101jam ir kas piebilstams&#8230;<\/p>\n<p>Amatieru vid\u016b EHL ir iecien\u012bta l\u012bga \u2013 vesel\u0101s devi\u0146\u0101s div\u012bzij\u0101s p\u0113c meistar\u012bbas l\u012bme\u0146a sadal\u012btas 138 komandas, turkl\u0101t ir ar\u012b sava veter\u0101nu l\u012bga. Kop\u0101 te hokeju sp\u0113l\u0113 vair\u0101ki t\u016bksto\u0161i sp\u0113l\u0113t\u0101ju, un l\u012bga aizvada jau savu 15. sezonu. T\u0101s ievad\u0101 EHL piemekl\u0113jis ska\u013c\u0101kais skand\u0101ls t\u0101s past\u0101v\u0113\u0161anas v\u0113stur\u0113 \u2013 3. oktobra c\u012b\u0146\u0101 uz ledus pamat\u012bgi izvilloj\u0101s &#8220;Priedaines&#8221; un \u0136ekavas &#8220;Clappers&#8221; komandas, turkl\u0101t \u0161oreiz d\u016bres v\u012bst\u012bja ne tikai sp\u0113l\u0113t\u0101ji, bet ar\u012b abu vien\u012bbu treneri \u2013 Mareks Jass un Mat\u012bss Ribkinskis.<\/p>\n<p class=\"western\">&#8220;Redzot, kas notiek laukum\u0101, mati sac\u0113l\u0101s st\u0101vus,&#8221; sarunu ar <a rel=\"noopener nofollow\" target=\"_blank\" href=\"https:\/\/www.delfi.lv\/temas\/52408513\/mvp\" tag-id=\"52408513\">MVP<\/a> ies\u0101k viens no l\u012bgas dibin\u0101t\u0101jiem <a rel=\"noopener nofollow\" target=\"_blank\" href=\"https:\/\/www.delfi.lv\/temas\/54112944\/roberts-plavejs\" tag-id=\"54112944\">Roberts P\u013c\u0101v\u0113js<\/a>, kur\u0161 \u0161obr\u012bd ir Latvijas Hokeja feder\u0101cijas (<a rel=\"noopener nofollow\" target=\"_blank\" href=\"https:\/\/www.delfi.lv\/temas\/56424242\/lhf-1\" tag-id=\"56424242\">LHF<\/a>) \u0123ener\u0101lsekret\u0101rs&#8230;<\/p>\n<p>Lai turpin\u0101tu las\u012bt, ieg\u0101d\u0101jies abonementu.<\/p>\n<p class=\"fs-4\">L\u016bdzu, uzgaidi!<\/p>\n<p class=\"fs-5\">Piel\u0101gojam Tev piem\u0113rot\u0101ko abon\u0113\u0161anas pied\u0101v\u0101jumu&#8230;<\/p>\n<p class=\"lh-1 fs-6 text-muted pt-3 mt-5\">Abon\u0113\u0161anas pied\u0101v\u0101jums nav redzams? L\u016bdzu, izsl\u0113dz rekl\u0101mu blo\u0137\u0113t\u0101ju vai  p\u0101rl\u0101d\u0113 lapu.<br \/>Jaut\u0101jumu gad\u012bjum\u0101 raksti <a href=\"https:\/\/www.delfi.lv\/mvp\/51891089\/pa-pedam\/120091582\/mailto:konts@delfi.lv\" class=\"text-primary\" rel=\"nofollow noopener\" target=\"_blank\">konts@delfi.lv<\/a><\/p>\n<p class=\"m-0\">Seko &#8220;Delfi&#8221; ar\u012b  <a target=\"_blank\" href=\"https:\/\/www.instagram.com\/delfi.lv\/\" rel=\"nofollow noopener\">Instagram<\/a>  un <a target=\"_blank\" href=\"https:\/\/www.youtube.com\/channel\/UCw5foWtcJvAbUm64rv7jwUQ\" rel=\"nofollow noopener\">YouTube<\/a>  profil\u0101 \u2013 pievienojies, lai uzzin\u0101tu svar\u012bg\u0101ko un interesant\u0101ko pirmais!<\/p>\n<p>Publik\u0101cijas saturs vai t\u0101s jebk\u0101da apjoma da\u013ca ir aizsarg\u0101ts autorties\u012bbu objekts Autorties\u012bbu likuma izpratn\u0113, un t\u0101 izmanto\u0161ana bez izdev\u0113ja at\u013caujas ir aizliegta. Vair\u0101k lasi  <a target=\"_blank\" href=\"https:\/\/www.delfi.lv\/noteikumi#autortiesibas\" rel=\"nofollow noopener\">\u0161eit<\/a><script async src=\"\/\/www.instagram.com\/embed.js\"><\/script><\/p>\n","protected":false},"excerpt":{"rendered":"\u0160\u012b m\u0113ne\u0161a s\u0101kum\u0101 risin\u0101j\u0101s \u0161ok\u0113jo\u0161i notikumi Latvij\u0101 \u0101rk\u0101rt\u012bgi popul\u0101raj\u0101 Entuziastu hokeja l\u012bg\u0101 (EHL) \u2013 provok\u0101cijas, l\u0113ti sitieni no&hellip;\n","protected":false},"author":2,"featured_media":23194,"comment_status":"","ping_status":"","sticky":false,"template":"","format":"standard","meta":{"footnotes":""},"categories":[17],"tags":[4188,35,39,38,36,37,34,3503,40,4289,7236,67],"class_list":{"0":"post-23193","1":"post","2":"type-post","3":"status-publish","4":"format-standard","5":"has-post-thumbnail","7":"category-sports","8":"tag-aizkadra","9":"tag-latvia","10":"tag-latvian","11":"tag-latviesu","12":"tag-latviesu-valoda","13":"tag-latviesuvaloda","14":"tag-latvija","15":"tag-lhf","16":"tag-lv","17":"tag-mvp","18":"tag-roberts-plavejs","19":"tag-sports"},"share_on_mastodon":{"url":"","error":""},"_links":{"self":[{"href":"https:\/\/www.europesays.com\/lv\/wp-json\/wp\/v2\/posts\/23193","targetHints":{"allow":["GET"]}}],"collection":[{"href":"https:\/\/www.europesays.com\/lv\/wp-json\/wp\/v2\/posts"}],"about":[{"href":"https:\/\/www.europesays.com\/lv\/wp-json\/wp\/v2\/types\/post"}],"author":[{"embeddable":true,"href":"https:\/\/www.europesays.com\/lv\/wp-json\/wp\/v2\/users\/2"}],"replies":[{"embeddable":true,"href":"https:\/\/www.europesays.com\/lv\/wp-json\/wp\/v2\/comments?post=23193"}],"version-history":[{"count":0,"href":"https:\/\/www.europesays.com\/lv\/wp-json\/wp\/v2\/posts\/23193\/revisions"}],"wp:featuredmedia":[{"embeddable":true,"href":"https:\/\/www.europesays.com\/lv\/wp-json\/wp\/v2\/media\/23194"}],"wp:attachment":[{"href":"https:\/\/www.europesays.com\/lv\/wp-json\/wp\/v2\/media?parent=23193"}],"wp:term":[{"taxonomy":"category","embeddable":true,"href":"https:\/\/www.europesays.com\/lv\/wp-json\/wp\/v2\/categories?post=23193"},{"taxonomy":"post_tag","embeddable":true,"href":"https:\/\/www.europesays.com\/lv\/wp-json\/wp\/v2\/tags?post=23193"}],"curies":[{"name":"wp","href":"https:\/\/api.w.org\/{rel}","templated":true}]}}