{"id":23206,"date":"2025-10-17T07:34:14","date_gmt":"2025-10-17T07:34:14","guid":{"rendered":"https:\/\/www.europesays.com\/lv\/23206\/"},"modified":"2025-10-17T07:34:14","modified_gmt":"2025-10-17T07:34:14","slug":"saruna-barta-filma-atgriesanas-nacionalo-pirmizradi-piedzivos-rigas-starptautiskaja-kinofestivala","status":"publish","type":"post","link":"https:\/\/www.europesays.com\/lv\/23206\/","title":{"rendered":"\u0160ar\u016bna Barta filma &#8220;Atgrie\u0161an\u0101s&#8221; nacion\u0101lo pirmizr\u0101di piedz\u012bvos R\u012bgas Starptautiskaj\u0101 kinofestiv\u0101l\u0101"},"content":{"rendered":"<p>Re\u017eisora \u0160ar\u016bna Barta jaun\u0101k\u0101s sp\u0113lfilmas &#8220;Atgrie\u0161an\u0101s&#8221; (&#8220;Back to the Family&#8221;) nacion\u0101l\u0101 pirmizr\u0101de notiks 23. oktobr\u012b R\u012bgas Starptautiskaj\u0101 kino festiv\u0101l\u0101, festiv\u0101la pilnmetr\u0101\u017eas filmu konkursa programm\u0101.<\/p>\n<p>K\u0101 &#8220;Delfi&#8221; inform\u0113 studijas &#8220;Mistrus Media&#8221; p\u0101rst\u0101vji, filmas izr\u0101d\u012b\u0161ana Latvijas kinote\u0101tru repertu\u0101r\u0101 s\u0101ksies no 1. novembra pulksten 19 ar \u012bpa\u0161o seansu kinote\u0101tr\u012b &#8220;Splendid Palace&#8221; R\u012bg\u0101, p\u0113c filmas pied\u0101v\u0101jot ekspertu diskusiju, kuras uzman\u012bbas centr\u0101 b\u016bs starppaaud\u017eu traumas, toksisk\u0101s \u0123imenes attiec\u012bbu dinamikas un piedo\u0161anas t\u0113ma.<\/p>\n<p>Filmas st\u0101sta centr\u0101 ir jauna sieviete Simona, kura, sa\u0146emot zi\u0146u par vecm\u0101mi\u0146as tuvojo\u0161os n\u0101vi, p\u0113c daudziem gadiem atgrie\u017eas b\u0113rn\u012bbas m\u0101j\u0101s dzimtaj\u0101 ciem\u0101. Atgrie\u017eoties vi\u0146a ir spiesta sastapties ar vec\u0101ku \u2013 alkoholisma sagrautu \u2013 dz\u012bvi un atkl\u0101t s\u0101p\u012bgo paties\u012bbu, ka da\u017eas br\u016bces ir p\u0101r\u0101k dzi\u013cas, lai t\u0101s sadzied\u0113tu.<\/p>\n<p>Lasiet ar\u012b<\/p>\n<p><a href=\"https:\/\/www.delfi.lv\/kultura\/52862727\/screen\/120091411\/kino-parnem-galvaspilsetu-aiznemta-cilveka-celvedis-riga-iff-programma\" class=\"headline__image-link\" itemprop=\"url\" rel=\"nofollow noopener\" target=\"_blank\"><img decoding=\"async\" loading=\"lazy\" itemprop=\"image\" src=\"https:\/\/www.europesays.com\/lv\/wp-content\/uploads\/2025\/10\/1760686452_604_3e8485d4-d6be-40de-b0ec-eb0045f72aad.jpg\" alt=\"Kino p\u0101r\u0146em galvaspils\u0113tu. Aiz\u0146emta cilv\u0113ka ce\u013cvedis Riga IFF programm\u0101\" title=\"Kino p\u0101r\u0146em galvaspils\u0113tu. Aiz\u0146emta cilv\u0113ka ce\u013cvedis Riga IFF programm\u0101\" class=\"headline__image img-fluid w-100\"\/><\/a><a href=\"https:\/\/www.delfi.lv\/kultura\/52862727\/screen\/120091187\/abelu-dieva-suns-iekluvusi-eiropas-kinoakademijas-balvas-isaja-saraksta\" class=\"headline__image-link\" itemprop=\"url\" rel=\"nofollow noopener\" target=\"_blank\"><img decoding=\"async\" loading=\"lazy\" itemprop=\"image\" src=\"https:\/\/www.europesays.com\/lv\/wp-content\/uploads\/2025\/10\/1760686453_903_babf9808-43d4-4a2b-9f90-e0d6e5924c9b.jpg\" alt=\"\u0100be\u013cu &quot;Dieva suns&quot; iek\u013cuvusi Eiropas kinoakad\u0113mijas balvas \u012bsaj\u0101 sarakst\u0101\" title=\"\u0100be\u013cu &quot;Dieva suns&quot; iek\u013cuvusi Eiropas kinoakad\u0113mijas balvas \u012bsaj\u0101 sarakst\u0101\" class=\"headline__image img-fluid w-100\"\/><\/a><\/p>\n<p>&#8220;Barts ar gandr\u012bz zin\u0101tnisku precizit\u0101ti sadala m\u0101jas vidi pa sl\u0101\u0146iem, atkl\u0101jot aizvainojumus, kas veidoju\u0161i Simonas raksturu,&#8221; raksta Vanja Kaludjercica, no Roterdamas Starptautisk\u0101 Filmu festiv\u0101la.<\/p>\n<p>&#8220;Skat\u012bt\u0101ji neap\u0161aub\u0101mi atrad\u012bs atsauces uz pa\u0161u \u0123imenes dr\u0101m\u0101m,&#8221; paudusi Olivijaa Popa no &#8220;Cineuropa&#8221;, uzsveros, ka &#8220;filmas skat\u012bjums ir v\u0113rot un m\u0113\u0123in\u0101t saprast, nevis ties\u0101t.&#8221;<\/p>\n<p>&#8220;Atgrie\u0161an\u0101s&#8221; skar ar\u012b lauku re\u0123ionu iztuk\u0161o\u0161an\u0101s un soci\u0101l\u0101s degrad\u0101cijas riskus, soci\u0101l\u0101s izol\u0101cijas t\u0113mu, k\u0101 ar\u012b uzdod jaut\u0101jumu \u2013 vai v\u0113stures netaisn\u012bba nav viens no iemesliem \u0161ai sabiedr\u012bbas plaisai. Filma uzl\u016bko kino k\u0101 soci\u0101l\u0101s nevienl\u012bdz\u012bbas t\u0113mas un iesp\u0113jamo risin\u0101jumu komunik\u0101cijas instrumentu, vienlaikus pieskaroties piedo\u0161anas t\u0113mai \u2013 vai iesp\u0113jams piedot vardarb\u012bgiem vec\u0101kiem un turpin\u0101t vesel\u012bgas attiec\u012bbas, v\u0113sta &#8220;Mistrus Media&#8221; p\u0101rst\u0101vji.<\/p>\n<p><img decoding=\"async\" itemprop=\"image\" src=\"https:\/\/www.europesays.com\/lv\/wp-content\/uploads\/2025\/10\/957a881a-c01f-43bf-abee-3d57241a9eee.jpg\" title=\"\u0160ar\u016bna Barta filma &quot;Atgrie\u0161an\u0101s&quot; nacion\u0101lo pirmizr\u0101di piedz\u012bvos R\u012bgas Starptautiskaj\u0101 kinofestiv\u0101l\u0101\" alt=\"\u0160ar\u016bna Barta filma &quot;Atgrie\u0161an\u0101s&quot; nacion\u0101lo pirmizr\u0101di piedz\u012bvos R\u012bgas Starptautiskaj\u0101 kinofestiv\u0101l\u0101\" class=\"img-fluid w-100\" data-v-a1a92103=\"\"\/>Foto: Kadrs no filmas &#8220;Atgrie\u0161an\u0101s&#8221; <\/p>\n<p>Filmas m\u0101kslinieki ir Latvijas kino profesion\u0101\u013ci J\u0101nis Kalni\u0146\u0161 un Sab\u012bne Strauberga, kost\u012bmu m\u0101ksliniece \u2013 Katr\u012bna Liepa.<\/p>\n<p>&#8220;Atgrie\u0161an\u0101s&#8221; ir \u010detru valstu kopra\u017eojums, kur\u0101 piedal\u0101s Lietuvas studija &#8220;Kinema&#8221;, Francijas studija &#8220;KinoElektron&#8221;, Latvijas studija &#8220;Mistrus Media&#8221; un Polijas studija &#8220;Message Film&#8221;. No Latvijas puses producenti ir Gints Gr\u016bbe, El\u012bna Gedi\u0146a-Ducena un Inese Boka-Gr\u016bbe, bet filmas ra\u017eo\u0161anu Latvij\u0101 atbalst\u012bjis Nacion\u0101lais kino centrs.<\/p>\n<p>\u0160ar\u016bns Barts ir viens no starptautiski paz\u012bstam\u0101kajiem Lietuvas kinore\u017eisoriem \u2013 Lietuvas Nacion\u0101l\u0101s kult\u016bras un m\u0101kslas balvas laure\u0101ts un vair\u0101kk\u0101rt\u0113js &#8220;Sidabrin\u0117 gerv\u0117&#8221; (Sudraba dz\u0113rve) balvas ieguv\u0113js. Vi\u0146a filmas vair\u0101kk\u0101rt pirmizr\u0101d\u012btas Kannu kinofestiv\u0101l\u0101: 1996. gad\u0101 &#8220;Da\u017ei no mums&#8221; (Few of Us) un 1997. gad\u0101 &#8220;M\u0101ja&#8221; (The House) tika iek\u013cautas programm\u0101 &#8220;Un Certain Regard&#8221;, bet 2005., 2015. un 2017. gad\u0101 vi\u0146a darbi (&#8220;Septi\u0146i neredzami v\u012brie\u0161i&#8221;, &#8220;Miers m\u016bsu sap\u0146os&#8221; un &#8220;Saltums&#8221;) tika demonstr\u0113ti programm\u0101 &#8220;Directors\u2019 Fortnight&#8221;, k\u0101 ar\u012b filma &#8220;In the &#8216;Dusk&#8221; (&#8220;Mijkr\u0113sl\u012b&#8221;), kuru l\u012bdzproduc\u0113jusi filmu studija Mistrus Media, kas tika iek\u013cauta Kannu kinofestiv\u0101l\u0101 2020. gad\u0101.<\/p>\n<p class=\"m-0\">Seko &#8220;Delfi&#8221; ar\u012b  <a target=\"_blank\" href=\"https:\/\/www.instagram.com\/delfi.lv\/\" rel=\"nofollow noopener\">Instagram<\/a>  un <a target=\"_blank\" href=\"https:\/\/www.youtube.com\/channel\/UCw5foWtcJvAbUm64rv7jwUQ\" rel=\"nofollow noopener\">YouTube<\/a>  profil\u0101 \u2013 pievienojies, lai uzzin\u0101tu svar\u012bg\u0101ko un interesant\u0101ko pirmais!<\/p>\n<p>Publik\u0101cijas saturs vai t\u0101s jebk\u0101da apjoma da\u013ca ir aizsarg\u0101ts autorties\u012bbu objekts Autorties\u012bbu likuma izpratn\u0113, un t\u0101 izmanto\u0161ana bez izdev\u0113ja at\u013caujas ir aizliegta. Vair\u0101k lasi  <a target=\"_blank\" href=\"https:\/\/www.delfi.lv\/noteikumi#autortiesibas\" rel=\"nofollow noopener\">\u0161eit<\/a><script async src=\"\/\/www.instagram.com\/embed.js\"><\/script><\/p>\n","protected":false},"excerpt":{"rendered":"Re\u017eisora \u0160ar\u016bna Barta jaun\u0101k\u0101s sp\u0113lfilmas &#8220;Atgrie\u0161an\u0101s&#8221; (&#8220;Back to the Family&#8221;) nacion\u0101l\u0101 pirmizr\u0101de notiks 23. oktobr\u012b R\u012bgas Starptautiskaj\u0101 kino&hellip;\n","protected":false},"author":2,"featured_media":23207,"comment_status":"","ping_status":"","sticky":false,"template":"","format":"standard","meta":{"footnotes":""},"categories":[19],"tags":[89,90,3528,35,39,38,36,37,34,40,3876],"class_list":{"0":"post-23206","1":"post","2":"type-post","3":"status-publish","4":"format-standard","5":"has-post-thumbnail","7":"category-izklaide","8":"tag-entertainment","9":"tag-izklaide","10":"tag-jaunakas-filmas","11":"tag-latvia","12":"tag-latvian","13":"tag-latviesu","14":"tag-latviesu-valoda","15":"tag-latviesuvaloda","16":"tag-latvija","17":"tag-lv","18":"tag-riga-iff"},"share_on_mastodon":{"url":"","error":""},"_links":{"self":[{"href":"https:\/\/www.europesays.com\/lv\/wp-json\/wp\/v2\/posts\/23206","targetHints":{"allow":["GET"]}}],"collection":[{"href":"https:\/\/www.europesays.com\/lv\/wp-json\/wp\/v2\/posts"}],"about":[{"href":"https:\/\/www.europesays.com\/lv\/wp-json\/wp\/v2\/types\/post"}],"author":[{"embeddable":true,"href":"https:\/\/www.europesays.com\/lv\/wp-json\/wp\/v2\/users\/2"}],"replies":[{"embeddable":true,"href":"https:\/\/www.europesays.com\/lv\/wp-json\/wp\/v2\/comments?post=23206"}],"version-history":[{"count":0,"href":"https:\/\/www.europesays.com\/lv\/wp-json\/wp\/v2\/posts\/23206\/revisions"}],"wp:featuredmedia":[{"embeddable":true,"href":"https:\/\/www.europesays.com\/lv\/wp-json\/wp\/v2\/media\/23207"}],"wp:attachment":[{"href":"https:\/\/www.europesays.com\/lv\/wp-json\/wp\/v2\/media?parent=23206"}],"wp:term":[{"taxonomy":"category","embeddable":true,"href":"https:\/\/www.europesays.com\/lv\/wp-json\/wp\/v2\/categories?post=23206"},{"taxonomy":"post_tag","embeddable":true,"href":"https:\/\/www.europesays.com\/lv\/wp-json\/wp\/v2\/tags?post=23206"}],"curies":[{"name":"wp","href":"https:\/\/api.w.org\/{rel}","templated":true}]}}