{"id":23216,"date":"2025-10-17T07:45:13","date_gmt":"2025-10-17T07:45:13","guid":{"rendered":"https:\/\/www.europesays.com\/lv\/23216\/"},"modified":"2025-10-17T07:45:13","modified_gmt":"2025-10-17T07:45:13","slug":"zzs-frakcija-papildinasies-ar-pieredzejusu-politiki-lente-lv","status":"publish","type":"post","link":"https:\/\/www.europesays.com\/lv\/23216\/","title":{"rendered":"ZZS frakcija papildin\u0101sies ar pieredz\u0113ju\u0161u politi\u0137i\u00a0\u2014\u00a0Lente.lv"},"content":{"rendered":"<p>Saeim\u0101 darbu s\u0101k Za\u013co un Zemnieku savien\u012bbas deput\u0101ts J\u0101nis Dinevi\u010ds<\/p>\n<p>\u0160odien, 16. oktobr\u012b, 14. Saeima ir apstiprin\u0101jusi jaun\u0101 deput\u0101ta J\u0101\u0146a Dinevi\u010da pilnvaras, kur\u0161 Saeim\u0101 darbu uzs\u0101ks Za\u013co un Zemnieku savien\u012bbas (ZZS) frakcij\u0101. \u0160\u012b ir noz\u012bm\u012bga diena gan politi\u0137im, gan visai ZZS partijai, kas papildina savu p\u0101rst\u0101vniec\u012bbu parlament\u0101.<\/p>\n<p>Iepriek\u0161\u0113j\u0101 pieredze un politiskais ce\u013c\u0161<\/p>\n<p>J\u0101nis Dinevi\u010ds nav sve\u0161inieks Latvijas politik\u0101. Vi\u0146\u0161 ir ilggad\u0113js politi\u0137is ar bag\u0101tu pieredzi, iepriek\u0161 darbojoties gan k\u0101 R\u012bgas domes deput\u0101ts un vicem\u0113rs, gan Latvijas Augst\u0101k\u0101s Padomes deput\u0101ts, balsojot par Latvijas neatkar\u012bbas atjauno\u0161anu. Vi\u0146a politiskais ce\u013c\u0161 ir bijis cie\u0161i saist\u012bts ar Latvijas Soci\u0101ldemokr\u0101tisko str\u0101dnieku partiju (LSDSP), kur\u0101 vi\u0146\u0161 ie\u0146\u0113mis vair\u0101kus noz\u012bm\u012bgus amatus, tostarp partijas priek\u0161s\u0113d\u0113t\u0101ja amatu. Dinevi\u010da iev\u0113l\u0113\u0161ana Saeim\u0101 ir apliecin\u0101jums vi\u0146a nep\u0101rtrauktajai interesei par valsts p\u0101rvaldi un politisko darb\u012bbu. Vi\u0146a pla\u0161\u0101 politisk\u0101 biogr\u0101fija, kas ietver darbu gan viet\u0113j\u0101, gan nacion\u0101l\u0101 l\u012bmen\u012b, liecina par dzi\u013cu izpratni par Latvijas sabiedr\u012bbas vajadz\u012bb\u0101m un izaicin\u0101jumiem. Atg\u0101din\u0101sim, ka iepriek\u0161 Saeimas deput\u0101ta mand\u0101tu nolika Andrejs Vilks, t\u0101d\u0113j\u0101di atbr\u012bvojot vietu Dinevi\u010dam.<\/p>\n<p>ZZS frakcija un t\u0101s sast\u0101vs<\/p>\n<p>J\u0101\u0146a Dinevi\u010da pievieno\u0161an\u0101s ZZS frakcijai ir spilgts piem\u0113rs politiskajai dinamikai Latvijas parlament\u0101. ZZS, kas sevi pozicion\u0113 k\u0101 sp\u0113ku, kur\u0161 p\u0101rst\u0101v lauku un zemnieku intereses, vienlaikus ietver sev\u012b ar\u012b soci\u0101ldemokr\u0101tisk\u0101s idejas, ko apliecina Dinevi\u010da dal\u012bba LSDSP vald\u0113. \u0160\u012b apvien\u012bba sniedz frakcijai pla\u0161\u0101ku perspekt\u012bvu un da\u017e\u0101do viedok\u013cu kl\u0101stu, kas ir b\u016btiska vesel\u012bgai parlament\u0101rajai diskusijai. ZZS frakcijas sast\u0101vs ir pla\u0161s, un J\u0101\u0146a Dinevi\u010da pieredze noteikti papildin\u0101s t\u0101s sp\u0113jas un kompetences.<\/p>\n<p>Politisk\u0101 ainava un n\u0101kotnes perspekt\u012bvas<\/p>\n<p>Jaunais deput\u0101ts Saeim\u0101 n\u0101k laik\u0101, kad politisk\u0101 aina ir dinamiska un sabiedr\u012bb\u0101 valda da\u017e\u0101das gaidas un ba\u017eas. Dinevi\u010da atgrie\u0161an\u0101s Saeim\u0101 var\u0113tu dot jaunu impulsu diskusij\u0101m par aktu\u0101liem jaut\u0101jumiem, piem\u0113ram, par valsts bud\u017eetu, soci\u0101lo spriedzi un ekonomisko att\u012bst\u012bbu. Vi\u0146a iepriek\u0161 paust\u0101s ba\u017eas par t\u0113ri\u0146iem, kas saist\u012bti ar \u201cRail Baltica\u201d projektu, nor\u0101da uz vi\u0146a gatav\u012bbu kritiskai anal\u012bzei un aizst\u0101v\u0113t sabiedr\u012bbas intereses. Turpm\u0101kajos m\u0113ne\u0161os sekosim l\u012bdzi tam, k\u0101 J\u0101nis Dinevi\u010ds iesaist\u012bsies likumdo\u0161anas proces\u0101 un k\u0101das iniciat\u012bvas vi\u0146\u0161 virz\u012bs, lai stiprin\u0101tu gan savas partijas, gan visas Latvijas sabiedr\u012bbas labkl\u0101j\u012bbu.<\/p>\n","protected":false},"excerpt":{"rendered":"Saeim\u0101 darbu s\u0101k Za\u013co un Zemnieku savien\u012bbas deput\u0101ts J\u0101nis Dinevi\u010ds \u0160odien, 16. oktobr\u012b, 14. Saeima ir apstiprin\u0101jusi jaun\u0101&hellip;\n","protected":false},"author":2,"featured_media":23217,"comment_status":"","ping_status":"","sticky":false,"template":"","format":"standard","meta":{"footnotes":""},"categories":[5],"tags":[23,28,29,7237,32,33,22,7036,30,31,35,39,38,36,37,34,40,20,26,27,141,24,25,2223,21,666],"class_list":{"0":"post-23216","1":"post","2":"type-post","3":"status-publish","4":"format-standard","5":"has-post-thumbnail","7":"category-aktualitates","8":"tag-aktualitates","9":"tag-breaking-news","10":"tag-breakingnews","11":"tag-deputats","12":"tag-featured-news","13":"tag-featurednews","14":"tag-headlines","15":"tag-janis-dinevics","16":"tag-latest-news","17":"tag-latestnews","18":"tag-latvia","19":"tag-latvian","20":"tag-latviesu","21":"tag-latviesu-valoda","22":"tag-latviesuvaloda","23":"tag-latvija","24":"tag-lv","25":"tag-news","26":"tag-popularakas-zinas","27":"tag-popularakaszinas","28":"tag-saeima","29":"tag-top-stories","30":"tag-topstories","31":"tag-zalo-un-zemnieku-savieniba","32":"tag-zinas","33":"tag-zzs"},"share_on_mastodon":{"url":"","error":""},"_links":{"self":[{"href":"https:\/\/www.europesays.com\/lv\/wp-json\/wp\/v2\/posts\/23216","targetHints":{"allow":["GET"]}}],"collection":[{"href":"https:\/\/www.europesays.com\/lv\/wp-json\/wp\/v2\/posts"}],"about":[{"href":"https:\/\/www.europesays.com\/lv\/wp-json\/wp\/v2\/types\/post"}],"author":[{"embeddable":true,"href":"https:\/\/www.europesays.com\/lv\/wp-json\/wp\/v2\/users\/2"}],"replies":[{"embeddable":true,"href":"https:\/\/www.europesays.com\/lv\/wp-json\/wp\/v2\/comments?post=23216"}],"version-history":[{"count":0,"href":"https:\/\/www.europesays.com\/lv\/wp-json\/wp\/v2\/posts\/23216\/revisions"}],"wp:featuredmedia":[{"embeddable":true,"href":"https:\/\/www.europesays.com\/lv\/wp-json\/wp\/v2\/media\/23217"}],"wp:attachment":[{"href":"https:\/\/www.europesays.com\/lv\/wp-json\/wp\/v2\/media?parent=23216"}],"wp:term":[{"taxonomy":"category","embeddable":true,"href":"https:\/\/www.europesays.com\/lv\/wp-json\/wp\/v2\/categories?post=23216"},{"taxonomy":"post_tag","embeddable":true,"href":"https:\/\/www.europesays.com\/lv\/wp-json\/wp\/v2\/tags?post=23216"}],"curies":[{"name":"wp","href":"https:\/\/api.w.org\/{rel}","templated":true}]}}