{"id":23230,"date":"2025-10-17T07:56:07","date_gmt":"2025-10-17T07:56:07","guid":{"rendered":"https:\/\/www.europesays.com\/lv\/23230\/"},"modified":"2025-10-17T07:56:07","modified_gmt":"2025-10-17T07:56:07","slug":"gaidams-sals-sinoptiki-sagatavojusi-laika-prognozi-tuvakajam-dienam-tvnet-laika-zinas","status":"publish","type":"post","link":"https:\/\/www.europesays.com\/lv\/23230\/","title":{"rendered":"Gaid\u0101ms sals: sinopti\u0137i sagatavoju\u0161i laika prognozi tuv\u0101kaj\u0101m dien\u0101m &#8211; TVNET &#8211; Laika zi\u0146as"},"content":{"rendered":"<ol>\n<li><a href=\"https:\/\/news.google.com\/rss\/articles\/CBMiogFBVV95cUxNSDc4Rk93OXNnQk5Hd1FWR1pLRjdzX0N3cGN6a3A4eUUxN0hCd3VCR0hnTE5KOXRyQzF0WXlZOHlubEhvSjdKajlHUnBOeE1XOFVFdm5aTHEwNVRIQUdrQmxZY1VKNWxlYUo1V2FiNk41OE1hRWZNank0bDFGeVdFNTRQelNkQlROWWpOQUZWZFBHeW9kOXFsYVhoR2VJSHg3MFE?oc=5\" target=\"_blank\" rel=\"nofollow noopener\">Gaid\u0101ms sals: sinopti\u0137i sagatavoju\u0161i laika prognozi tuv\u0101kaj\u0101m dien\u0101m<\/a>&nbsp;&nbsp;TVNET &#8211; Laika zi\u0146as<\/li>\n<li><a href=\"https:\/\/news.google.com\/rss\/articles\/CBMinAFBVV95cUxPb2dQSXA2X0REMDJHVURBcjk4ckI2TWJqVDI2blJrNWtTN1NCQktqaXJNQzJwckFIUGFXNVEzcmlXZUt0S25xOGduZnFEVDZaQUx2TEwxQ29EUWcxWFhYYUxoTU5kTjVocHcwQk9xSnZramFjZllkOGZ6ODBiUURJaGh5Z0Z3TWNKV1BYX1FWNFNBNnVtdWRqMUlJbTI?oc=5\" target=\"_blank\" rel=\"nofollow noopener\">Nakt\u012bs temperat\u016bra nosl\u012bd\u0113s zem nulles<\/a>&nbsp;&nbsp;Delfi<\/li>\n<li><a href=\"https:\/\/news.google.com\/rss\/articles\/CBMiqAFBVV95cUxQeGhJV3Q5d0ZROGZZRmFxdmFwSlhMOWlhR3RtMC12R1ZXdnJzV1BZYm10TzY0VGt5QlN3bmE5STd2dmg0Nk4yTDM3Q19kMWN4d2U0WUNhQzNQT0habnBkTlRaNnExRXAyVEZwZmJ3Ry1rUHB1WmN1a3hBMXlyalJWMmI5VUVjT0JVTWIzMEtHQzBXRDhUWDdVQXFxR2Q4TUVwOGJ6MkRfZms?oc=5\" target=\"_blank\" rel=\"nofollow noopener\">Martins Berg\u0161teins: Zelta rudens ir vis\u0101 Latvij\u0101 \u2013 izbaudiet saulaino laiku<\/a>&nbsp;&nbsp;tv3.lv<\/li>\n<li><a href=\"https:\/\/news.google.com\/rss\/articles\/CBMiiAFBVV95cUxNYXlvU1JlNmU5OGxrajVjeHVzZ1JGNGdWSXFpOVdQbndyazgtdXVQRm5SODB4a3VvV3hyWHVnOFdsN0lIeXV3UmN5Tl9YNzRhRVVaZVZnajNYUE1TVld2ZmNWc0Qtc3RGMTNDNlJiTW9vUTZlVk9KajljWU1ZWHBmVTJGT2tWYTlp?oc=5\" target=\"_blank\" rel=\"nofollow noopener\">Nu b\u016bs traki: sinopti\u0137i atkl\u0101j, k\u0101ds laiks gaid\u0101ms ned\u0113\u013cas nogal\u0113<\/a>&nbsp;&nbsp;LA.LV<\/li>\n<li><a href=\"https:\/\/news.google.com\/rss\/articles\/CBMizgFBVV95cUxQc3BrSzZpZTJFQjNwa3kxNFZwV05ZaHpKelZuNXJKZkxYN1JHU3hIcDRQSm1kR1VCLXpJQm9iNG92T2Y5cnpTZVZXNnVtZWVLUGpCVHdWY3lBX3VzRHh5UVhPanhqZU1tWjFoRDd0SnBabHg2UF9ITmxjdDlPamx1MUVqT2RwUmxud0RmcFpGZVg4MXhzN1JIaHd2VV96ekdwTVpvZUFXY1NRN0FsSVBYZDctUFpBWHlSOWR1SFJDRmQwajVIaTltSnpyM0Q0QQ?oc=5\" target=\"_blank\" rel=\"nofollow noopener\">Nakt\u012bs gaid\u0101ms sals l\u012bdz -5 gr\u0101diem; no n\u0101kam\u0101s ned\u0113\u013cas vidus laiks k\u013c\u016bs silt\u0101ks un mitr\u0101ks<\/a>&nbsp;&nbsp;BauskasDzive.lv<\/li>\n<\/ol>\n","protected":false},"excerpt":{"rendered":"Gaid\u0101ms sals: sinopti\u0137i sagatavoju\u0161i laika prognozi tuv\u0101kaj\u0101m dien\u0101m&nbsp;&nbsp;TVNET &#8211; Laika zi\u0146as Nakt\u012bs temperat\u016bra nosl\u012bd\u0113s zem nulles&nbsp;&nbsp;Delfi Martins Berg\u0161teins:&hellip;\n","protected":false},"author":2,"featured_media":23231,"comment_status":"","ping_status":"","sticky":false,"template":"","format":"standard","meta":{"footnotes":""},"categories":[12],"tags":[23,28,29,32,33,22,396,397,30,31,35,39,38,36,37,34,40,20,26,27,24,25,21],"class_list":{"0":"post-23230","1":"post","2":"type-post","3":"status-publish","4":"format-standard","5":"has-post-thumbnail","7":"category-latvija","8":"tag-aktualitates","9":"tag-breaking-news","10":"tag-breakingnews","11":"tag-featured-news","12":"tag-featurednews","13":"tag-headlines","14":"tag-laika-zinas","15":"tag-laikapstakli","16":"tag-latest-news","17":"tag-latestnews","18":"tag-latvia","19":"tag-latvian","20":"tag-latviesu","21":"tag-latviesu-valoda","22":"tag-latviesuvaloda","23":"tag-latvija","24":"tag-lv","25":"tag-news","26":"tag-popularakas-zinas","27":"tag-popularakaszinas","28":"tag-top-stories","29":"tag-topstories","30":"tag-zinas"},"share_on_mastodon":{"url":"","error":""},"_links":{"self":[{"href":"https:\/\/www.europesays.com\/lv\/wp-json\/wp\/v2\/posts\/23230","targetHints":{"allow":["GET"]}}],"collection":[{"href":"https:\/\/www.europesays.com\/lv\/wp-json\/wp\/v2\/posts"}],"about":[{"href":"https:\/\/www.europesays.com\/lv\/wp-json\/wp\/v2\/types\/post"}],"author":[{"embeddable":true,"href":"https:\/\/www.europesays.com\/lv\/wp-json\/wp\/v2\/users\/2"}],"replies":[{"embeddable":true,"href":"https:\/\/www.europesays.com\/lv\/wp-json\/wp\/v2\/comments?post=23230"}],"version-history":[{"count":0,"href":"https:\/\/www.europesays.com\/lv\/wp-json\/wp\/v2\/posts\/23230\/revisions"}],"wp:featuredmedia":[{"embeddable":true,"href":"https:\/\/www.europesays.com\/lv\/wp-json\/wp\/v2\/media\/23231"}],"wp:attachment":[{"href":"https:\/\/www.europesays.com\/lv\/wp-json\/wp\/v2\/media?parent=23230"}],"wp:term":[{"taxonomy":"category","embeddable":true,"href":"https:\/\/www.europesays.com\/lv\/wp-json\/wp\/v2\/categories?post=23230"},{"taxonomy":"post_tag","embeddable":true,"href":"https:\/\/www.europesays.com\/lv\/wp-json\/wp\/v2\/tags?post=23230"}],"curies":[{"name":"wp","href":"https:\/\/api.w.org\/{rel}","templated":true}]}}