{"id":23235,"date":"2025-10-17T08:03:07","date_gmt":"2025-10-17T08:03:07","guid":{"rendered":"https:\/\/www.europesays.com\/lv\/23235\/"},"modified":"2025-10-17T08:03:07","modified_gmt":"2025-10-17T08:03:07","slug":"tavars-izvairigi-komente-iespejamo-sadarbibu-ar-slesera-partiju","status":"publish","type":"post","link":"https:\/\/www.europesays.com\/lv\/23235\/","title":{"rendered":"Tavars izvair\u012bgi koment\u0113 iesp\u0113jamo sadarb\u012bbu ar \u0160lesera partiju"},"content":{"rendered":"<p>Tad sekotu kop\u012bgs l\u0113mums par ceturt\u0101 partnere piesaisti, izteic\u0101s AS politi\u0137is, vienlaikus atz\u012bm\u0113jot, ka eso\u0161\u0101 vald\u012bba v\u0113l nav kritusi.<\/p>\n<p>Tavars nesniedza skaidru atbildi, vai AS ies vien\u0101 koal\u012bcij\u0101 ar Ain\u0101ra \u0160lesera &#8220;Latvija pirmaj\u0101 viet\u0101&#8221; (LPV), gan atz\u012bstot, ka virkn\u0113 jaut\u0101jumu AS un LPV politiskais redz\u0113jums sakr\u012bt.<\/p>\n<p>Septembra izska\u0146\u0101, pateicoties <a href=\"https:\/\/www.tvnet.lv\/term\/566698\/zzs\" class=\"topicLink\" target=\"_blank\" rel=\"nofollow noopener\">ZZS<\/a> balsojumam Saeim\u0101 par Stambulas konvencijas denons\u0113\u0161anu, s\u0101k\u0101s izteikta nestabilit\u0101te vald\u012bbas koal\u012bcij\u0101. Koal\u012bcijas partneri gan ap\u0146\u0113mu\u0161ies str\u0101d\u0101t, lai pie\u0146emtu n\u0101kam\u0101 gada &#8220;dro\u0161\u012bbas bud\u017eetu&#8221;, ta\u010du tic\u012bbu Ministru prezidentes Evikas Sili\u0146as (JV) vald\u012bbas sp\u0113jai str\u0101d\u0101t ilgtermi\u0146\u0101 nu jau pau\u017e vien retais politi\u0137is.<\/p>\n<p>&#8220;Jaunajai vienot\u012bba&#8221; Saeim\u0101 ir 25 deput\u0101ti, ZZS frakcij\u0101 &#8211; 16 deput\u0101ti, bet &#8220;Progres\u012bvo&#8221; rind\u0101s &#8211; asto\u0146i Saeimas deput\u0101ti. AS ir 13 deput\u0101ti, Nacion\u0101lajai apvien\u012bbai &#8211; 12 deput\u0101ti, LPV un &#8220;Stabilit\u0101tei&#8221; &#8211; katr\u0101 pa asto\u0146iem deput\u0101tiem. V\u0113l Saeim\u0101 ir 10 pie frakcij\u0101m nepiedero\u0161i deput\u0101ti, da\u017ei no kuriem atbalsta valdo\u0161o koal\u012bciju.<\/p>\n","protected":false},"excerpt":{"rendered":"Tad sekotu kop\u012bgs l\u0113mums par ceturt\u0101 partnere piesaisti, izteic\u0101s AS politi\u0137is, vienlaikus atz\u012bm\u0113jot, ka eso\u0161\u0101 vald\u012bba v\u0113l nav&hellip;\n","protected":false},"author":2,"featured_media":23236,"comment_status":"","ping_status":"","sticky":false,"template":"","format":"standard","meta":{"footnotes":""},"categories":[5],"tags":[23,28,29,32,33,22,30,31,35,39,38,36,37,34,40,20,26,27,141,7238,24,25,21,666],"class_list":{"0":"post-23235","1":"post","2":"type-post","3":"status-publish","4":"format-standard","5":"has-post-thumbnail","7":"category-aktualitates","8":"tag-aktualitates","9":"tag-breaking-news","10":"tag-breakingnews","11":"tag-featured-news","12":"tag-featurednews","13":"tag-headlines","14":"tag-latest-news","15":"tag-latestnews","16":"tag-latvia","17":"tag-latvian","18":"tag-latviesu","19":"tag-latviesu-valoda","20":"tag-latviesuvaloda","21":"tag-latvija","22":"tag-lv","23":"tag-news","24":"tag-popularakas-zinas","25":"tag-popularakaszinas","26":"tag-saeima","27":"tag-stabilitatei","28":"tag-top-stories","29":"tag-topstories","30":"tag-zinas","31":"tag-zzs"},"share_on_mastodon":{"url":"","error":""},"_links":{"self":[{"href":"https:\/\/www.europesays.com\/lv\/wp-json\/wp\/v2\/posts\/23235","targetHints":{"allow":["GET"]}}],"collection":[{"href":"https:\/\/www.europesays.com\/lv\/wp-json\/wp\/v2\/posts"}],"about":[{"href":"https:\/\/www.europesays.com\/lv\/wp-json\/wp\/v2\/types\/post"}],"author":[{"embeddable":true,"href":"https:\/\/www.europesays.com\/lv\/wp-json\/wp\/v2\/users\/2"}],"replies":[{"embeddable":true,"href":"https:\/\/www.europesays.com\/lv\/wp-json\/wp\/v2\/comments?post=23235"}],"version-history":[{"count":0,"href":"https:\/\/www.europesays.com\/lv\/wp-json\/wp\/v2\/posts\/23235\/revisions"}],"wp:featuredmedia":[{"embeddable":true,"href":"https:\/\/www.europesays.com\/lv\/wp-json\/wp\/v2\/media\/23236"}],"wp:attachment":[{"href":"https:\/\/www.europesays.com\/lv\/wp-json\/wp\/v2\/media?parent=23235"}],"wp:term":[{"taxonomy":"category","embeddable":true,"href":"https:\/\/www.europesays.com\/lv\/wp-json\/wp\/v2\/categories?post=23235"},{"taxonomy":"post_tag","embeddable":true,"href":"https:\/\/www.europesays.com\/lv\/wp-json\/wp\/v2\/tags?post=23235"}],"curies":[{"name":"wp","href":"https:\/\/api.w.org\/{rel}","templated":true}]}}